{"id":162713,"date":"2026-04-25T19:10:16","date_gmt":"2026-04-25T19:10:16","guid":{"rendered":"https:\/\/www.europesays.com\/ee\/162713\/"},"modified":"2026-04-25T19:10:16","modified_gmt":"2026-04-25T19:10:16","slug":"mis-nuud-%e2%9f%a9-naitleja-grete-kuld-tuli-ekraanile-tagasi-neiupolvenimega","status":"publish","type":"post","link":"https:\/\/www.europesays.com\/ee\/162713\/","title":{"rendered":"MIS N\u00dc\u00dcD? \u27e9 N\u00e4itleja Grete Kuld tuli ekraanile tagasi neiup\u00f5lvenimega"},"content":{"rendered":"<p>Sel laup\u00e4eval j\u00f5udis Kanal 2 ekraanile Ergo Kulla lavastatud kodumaise kom\u00f6\u00f6diasarja \u00abMinu k\u00fcla\u00bb v\u00e4rske hooaeg, mis t\u00f5i vaatajateni nii tuttavad tegelased kui ka uusi \u00fcllatusi. Lisaks sisulistele arengutele k\u00f6itis t\u00e4helepanu aga ka \u00fcks v\u00e4ike n\u00fcanss \u2013 hooaja avaosas kaasa teinud n\u00e4itleja Grete Klein oli l\u00f5pusubtiitrites m\u00e4rgitud taas oma neiup\u00f5lvenimega. Toimetusele s\u00f5nab naine aga, et ei ole oma vana perekonnanime tagasi v\u00f5tnud.<\/p>\n","protected":false},"excerpt":{"rendered":"Sel laup\u00e4eval j\u00f5udis Kanal 2 ekraanile Ergo Kulla lavastatud kodumaise kom\u00f6\u00f6diasarja \u00abMinu k\u00fcla\u00bb v\u00e4rske hooaeg, mis t\u00f5i vaatajateni&hellip;\n","protected":false},"author":2,"featured_media":82,"comment_status":"","ping_status":"","sticky":false,"template":"","format":"standard","meta":{"footnotes":"","_share_on_mastodon":"0"},"categories":[16],"tags":[76102,10319,37,33,35,76095,64357,63872,173,76100,11072,34,36,2210,1597,259,76104,76101,76096,140,76094,76093,76098,76097,397,76099,76103],"class_list":["post-162713","post","type-post","status-publish","format-standard","has-post-thumbnail","category-meelelahutus","tag-abielu-lopp","tag-abielulahutus","tag-ee","tag-eesti","tag-eesti-keel","tag-eesti-komoodiasari","tag-eesti-meelelahutus","tag-eesti-naitlejad","tag-entertainment","tag-eraelu-muutused","tag-ergo-kuld","tag-estonia","tag-estonian","tag-grete-klein","tag-grete-kuld","tag-kanal-2","tag-kodumaine-sari","tag-kuulsuste-lahkuminek","tag-loputiitrite-nimi","tag-meelelahutus","tag-minu-kula","tag-neiupolvenimi","tag-pereprojekt","tag-saara-kuld","tag-sotsiaalmeedia","tag-tele-sari","tag-telelavastus"],"share_on_mastodon":{"url":"https:\/\/pubeurope.com\/@ee\/116466930610565621","error":""},"_links":{"self":[{"href":"https:\/\/www.europesays.com\/ee\/wp-json\/wp\/v2\/posts\/162713","targetHints":{"allow":["GET"]}}],"collection":[{"href":"https:\/\/www.europesays.com\/ee\/wp-json\/wp\/v2\/posts"}],"about":[{"href":"https:\/\/www.europesays.com\/ee\/wp-json\/wp\/v2\/types\/post"}],"author":[{"embeddable":true,"href":"https:\/\/www.europesays.com\/ee\/wp-json\/wp\/v2\/users\/2"}],"replies":[{"embeddable":true,"href":"https:\/\/www.europesays.com\/ee\/wp-json\/wp\/v2\/comments?post=162713"}],"version-history":[{"count":0,"href":"https:\/\/www.europesays.com\/ee\/wp-json\/wp\/v2\/posts\/162713\/revisions"}],"wp:featuredmedia":[{"embeddable":true,"href":"https:\/\/www.europesays.com\/ee\/wp-json\/wp\/v2\/media\/82"}],"wp:attachment":[{"href":"https:\/\/www.europesays.com\/ee\/wp-json\/wp\/v2\/media?parent=162713"}],"wp:term":[{"taxonomy":"category","embeddable":true,"href":"https:\/\/www.europesays.com\/ee\/wp-json\/wp\/v2\/categories?post=162713"},{"taxonomy":"post_tag","embeddable":true,"href":"https:\/\/www.europesays.com\/ee\/wp-json\/wp\/v2\/tags?post=162713"}],"curies":[{"name":"wp","href":"https:\/\/api.w.org\/{rel}","templated":true}]}}