{"id":162714,"date":"2026-04-25T19:11:15","date_gmt":"2026-04-25T19:11:15","guid":{"rendered":"https:\/\/www.europesays.com\/ee\/162714\/"},"modified":"2026-04-25T19:11:15","modified_gmt":"2026-04-25T19:11:15","slug":"nuriks-jaanud-aston-villa-sai-varske-lepingupikendaja-varavast-kaotuse-soccernet-ee","status":"publish","type":"post","link":"https:\/\/www.europesays.com\/ee\/162714\/","title":{"rendered":"N\u00fcriks j\u00e4\u00e4nud Aston Villa sai v\u00e4rske lepingupikendaja v\u00e4ravast kaotuse &#8211; Soccernet.ee"},"content":{"rendered":"<p><img decoding=\"async\" src=\"https:\/\/www.europesays.com\/ee\/wp-content\/uploads\/2026\/04\/1777124490.jpg\" alt=\"Ryan Sessegnon l\u00f5i Fulhami v\u00f5iduv\u00e4rava. Foto: Scanpix \/ Ben Whitley \/ PA Wire \/ PA Images\"\/>&#13;\n<\/p>\n<p>Premier League&#8217;is neljandat kohta hoidev Aston Villa j\u00e4i 34. voorus Fulhami vastu v\u00f5imaluste loomisega h\u00e4tta ning kaotas 0:1.<\/p>\n<p>Kohtumise ainsa v\u00e4rava l\u00f5i 43. minutil Ryan Sessegnon, kes oli sel n\u00e4dalal Fulhamiga \u00fche hooaja v\u00f5rra lepingut pikendanud.&#13;\n<\/p>\n<p>V\u00e4rava olukorras t\u00f5usis Timothy Castagne pikalt palliga ja tsenderdas, Sa\u0161a Lukici peal\u00f6\u00f6gi Emiliano Martinez t\u00f5rjus, aga tagasip\u00f5rganud palli saatis Sessegnon kaitsja Ezri Konsa jalge vahelt v\u00f5rku.&#13;\n<\/p>\n<p>Kohtumise jooksul ainult \u00fche pealel\u00f6\u00f6gi raamide vahele sooritanud Aston Villa andis v\u00f5imaluse Liverpoolile t\u00e4na kell 17.00 algavas m\u00e4ngus neljas koht endale v\u00f5tta. Liverpool peab selleks alistama Crystal Palace&#8217;i.<\/p>\n<p>Fulham t\u00f5usis hetkel k\u00fcmnendaks ning j\u00e4\u00e4b kuuendast kohast (Brighton &amp; Hove Albionist) vaid kahe punkti kaugusele.&#13;<\/p>\n","protected":false},"excerpt":{"rendered":"&#13; Premier League&#8217;is neljandat kohta hoidev Aston Villa j\u00e4i 34. voorus Fulhami vastu v\u00f5imaluste loomisega h\u00e4tta ning kaotas&hellip;\n","protected":false},"author":2,"featured_media":162715,"comment_status":"","ping_status":"","sticky":false,"template":"","format":"standard","meta":{"footnotes":"","_share_on_mastodon":"0"},"categories":[18],"tags":[1611,42820,37,33,35,34,36,3045,806,808,76105,76106,159,158],"class_list":["post-162714","post","type-post","status-publish","format-standard","has-post-thumbnail","category-sport","tag-aston-villa","tag-birminghami-aston-villa","tag-ee","tag-eesti","tag-eesti-keel","tag-estonia","tag-estonian","tag-fulham","tag-inglismaa-korgliiga","tag-premier-league","tag-ryan-sessegnon","tag-sessegnon","tag-sport","tag-sports"],"share_on_mastodon":{"url":"https:\/\/pubeurope.com\/@ee\/116466934358301506","error":""},"_links":{"self":[{"href":"https:\/\/www.europesays.com\/ee\/wp-json\/wp\/v2\/posts\/162714","targetHints":{"allow":["GET"]}}],"collection":[{"href":"https:\/\/www.europesays.com\/ee\/wp-json\/wp\/v2\/posts"}],"about":[{"href":"https:\/\/www.europesays.com\/ee\/wp-json\/wp\/v2\/types\/post"}],"author":[{"embeddable":true,"href":"https:\/\/www.europesays.com\/ee\/wp-json\/wp\/v2\/users\/2"}],"replies":[{"embeddable":true,"href":"https:\/\/www.europesays.com\/ee\/wp-json\/wp\/v2\/comments?post=162714"}],"version-history":[{"count":0,"href":"https:\/\/www.europesays.com\/ee\/wp-json\/wp\/v2\/posts\/162714\/revisions"}],"wp:featuredmedia":[{"embeddable":true,"href":"https:\/\/www.europesays.com\/ee\/wp-json\/wp\/v2\/media\/162715"}],"wp:attachment":[{"href":"https:\/\/www.europesays.com\/ee\/wp-json\/wp\/v2\/media?parent=162714"}],"wp:term":[{"taxonomy":"category","embeddable":true,"href":"https:\/\/www.europesays.com\/ee\/wp-json\/wp\/v2\/categories?post=162714"},{"taxonomy":"post_tag","embeddable":true,"href":"https:\/\/www.europesays.com\/ee\/wp-json\/wp\/v2\/tags?post=162714"}],"curies":[{"name":"wp","href":"https:\/\/api.w.org\/{rel}","templated":true}]}}