{"id":162728,"date":"2026-04-25T19:33:20","date_gmt":"2026-04-25T19:33:20","guid":{"rendered":"https:\/\/www.europesays.com\/ee\/162728\/"},"modified":"2026-04-25T19:33:20","modified_gmt":"2026-04-25T19:33:20","slug":"ajaloo-parim-talvine-taiendus-hollandi-koondislane-hoiab-roma-unistust-meistrite-liigast-elus-soccernet-ee","status":"publish","type":"post","link":"https:\/\/www.europesays.com\/ee\/162728\/","title":{"rendered":"Ajaloo parim talvine t\u00e4iendus? Hollandi koondislane hoiab Roma unistust Meistrite liigast elus &#8211; Soccernet.ee"},"content":{"rendered":"<p><img decoding=\"async\" src=\"https:\/\/www.europesays.com\/ee\/wp-content\/uploads\/2026\/04\/1777144024.jpg\" alt=\"Roma r\u00fcndaja Donyell Malen. Foto: Scanpix \/ Gianluca Ricci \/ IPA MilestoneMedia \/ PA Images\"\/>&#13;\n<\/p>\n<p>J\u00e4rgmiseks hooajaks Meistrite liiga piletit jahtiv AS Roma sai Itaalia k\u00f5rgliigas olulise v\u00f5idu, alistades v\u00f5\u00f5rsil 2:0 Bologna.<\/p>\n<p>Hollandi koondise r\u00fcndaja Donyell Malen avas skoori juba seitsmendal minutil, lahendades\u00a0Neil El Aynaoui l\u00e4bis\u00f6\u00f6du j\u00e4rel \u00fcks-\u00fcks olukorra Bologna v\u00e4ravavahi\u00a0Federico Ravaglia. Avapoolaja l\u00f5pus olid rollid vahetuses, kui Malen s\u00f6\u00f6tis ja marokolane El Aynaoui skooris m\u00f5nelt meetrilt.&#13;\n<\/p>\n<p>T\u00e4navu talvel Aston Villast laenatud Malen on n\u00fc\u00fcd Serie A-s l\u00f6\u00f6nud 14 m\u00e4nguga 11 v\u00e4ravat. Talvistest \u00fcleminekutest on varem Serie A-s nii edukalt uue koduklubi eest alustanud vaid Maxi Lopez ja Mario Balotelli. Lopez liitus 2010. aastal Cataniaga ja Balotelli 2013. aastal AC Milaniga, l\u00fc\u00fces esimesel poolaastal vastavalt 11 ja 12 v\u00e4ravat.&#13;\n<\/p>\n<blockquote class=\"twitter-tweet\"><p>&#13;<\/p>\n<p lang=\"en\" dir=\"ltr\">11 &#8211; Since FIFA introduced the winter transfers in 2001\/02, only one player who joined Serie A in the winter transfer have scored more goals than Donyell <a href=\"https:\/\/twitter.com\/hashtag\/Malen?src=hash&amp;ref_src=twsrc%5Etfw\" rel=\"nofollow noopener\" target=\"_blank\">#Malen<\/a> in 25\/26: 11 (level with Maxi L\u00f3pez for Catania 2009\/10), fewer only than Balotelli for AC Milan 2012\/13 (12). Impact. <a href=\"https:\/\/t.co\/NI07LcR2X2\" rel=\"nofollow\">pic.twitter.com\/NI07LcR2X2<\/a>&#13;<br \/>\n\u2014 OptaPaolo (@OptaPaolo) <a href=\"https:\/\/twitter.com\/OptaPaolo\/status\/2048075581934219623?ref_src=twsrc%5Etfw\" rel=\"nofollow noopener\" target=\"_blank\">April 25, 2026<\/a><\/p>\n<\/blockquote>\n<p>Malen saab v\u00e4ravasaldot veel kasvatada, sest Romal on hooaja l\u00f5puni j\u00e4\u00e4nud neli kohtumist. Malen on praegu Romas laenul, aga lepingus on klausel, mis v\u00f5imaldab itaallastel hooaja l\u00f5ppedes 25 miljoni euro eest hollandlase m\u00e4ngija\u00f5igused Aston Villalt omandada.&#13;\n<\/p>\n<p>Roma asub Serie A-s viiendal tabelireal, kaotades neljandale ehk viimasele Meistrite liiga kohale kahe punktiga. Roma m\u00e4ngis viimati kuninglikus eurosarjas hooajal 2018\/2019. Kas \u00f5nnestub pikk paus l\u00f5petada? \u00dclesanne on keeruline, sest neljandal kohal oleval Juventusel on ka m\u00e4ng varuks. Lisaks on selja taga kolme punkti kaugusel Como, kellel on samuti m\u00e4ng varuks.<\/p>\n<p>          <script async src=\"https:\/\/platform.twitter.com\/widgets.js\" charset=\"utf-8\"><\/script><\/p>\n","protected":false},"excerpt":{"rendered":"&#13; J\u00e4rgmiseks hooajaks Meistrite liiga piletit jahtiv AS Roma sai Itaalia k\u00f5rgliigas olulise v\u00f5idu, alistades v\u00f5\u00f5rsil 2:0 Bologna.&hellip;\n","protected":false},"author":2,"featured_media":162729,"comment_status":"","ping_status":"","sticky":false,"template":"","format":"standard","meta":{"footnotes":"","_share_on_mastodon":"0"},"categories":[18],"tags":[1540,4230,37,33,35,34,36,109,1541,1545,1082,159,158],"class_list":["post-162728","post","type-post","status-publish","format-standard","has-post-thumbnail","category-sport","tag-as-roma","tag-bologna","tag-ee","tag-eesti","tag-eesti-keel","tag-estonia","tag-estonian","tag-itaalia","tag-itaalia-korgliiga","tag-roma","tag-serie-a","tag-sport","tag-sports"],"share_on_mastodon":{"url":"https:\/\/pubeurope.com\/@ee\/116467021153330191","error":""},"_links":{"self":[{"href":"https:\/\/www.europesays.com\/ee\/wp-json\/wp\/v2\/posts\/162728","targetHints":{"allow":["GET"]}}],"collection":[{"href":"https:\/\/www.europesays.com\/ee\/wp-json\/wp\/v2\/posts"}],"about":[{"href":"https:\/\/www.europesays.com\/ee\/wp-json\/wp\/v2\/types\/post"}],"author":[{"embeddable":true,"href":"https:\/\/www.europesays.com\/ee\/wp-json\/wp\/v2\/users\/2"}],"replies":[{"embeddable":true,"href":"https:\/\/www.europesays.com\/ee\/wp-json\/wp\/v2\/comments?post=162728"}],"version-history":[{"count":0,"href":"https:\/\/www.europesays.com\/ee\/wp-json\/wp\/v2\/posts\/162728\/revisions"}],"wp:featuredmedia":[{"embeddable":true,"href":"https:\/\/www.europesays.com\/ee\/wp-json\/wp\/v2\/media\/162729"}],"wp:attachment":[{"href":"https:\/\/www.europesays.com\/ee\/wp-json\/wp\/v2\/media?parent=162728"}],"wp:term":[{"taxonomy":"category","embeddable":true,"href":"https:\/\/www.europesays.com\/ee\/wp-json\/wp\/v2\/categories?post=162728"},{"taxonomy":"post_tag","embeddable":true,"href":"https:\/\/www.europesays.com\/ee\/wp-json\/wp\/v2\/tags?post=162728"}],"curies":[{"name":"wp","href":"https:\/\/api.w.org\/{rel}","templated":true}]}}