{"id":163115,"date":"2026-04-26T11:34:07","date_gmt":"2026-04-26T11:34:07","guid":{"rendered":"https:\/\/www.europesays.com\/ee\/163115\/"},"modified":"2026-04-26T11:34:07","modified_gmt":"2026-04-26T11:34:07","slug":"tanja-mihhailova-lahkuminekust-mikk-saarest-rasked-hetked-on-vaja-lihtsalt-ule-elada","status":"publish","type":"post","link":"https:\/\/www.europesays.com\/ee\/163115\/","title":{"rendered":"Tanja Mihhailova lahkuminekust Mikk Saarest: rasked hetked on vaja lihtsalt \u00fcle elada"},"content":{"rendered":"<p>Mullu maikuus lahvatas <a rel=\"noopener follow nofollow\" target=\"_blank\" href=\"https:\/\/kroonika.delfi.ee\/artikkel\/120373907\/18-aastat-kestnud-armulugu-sai-lopu-mikk-saar-ja-tanja-mihhailova-saar-laksid-lahku\" data-rel-date-range=\"[]\">Kroonikas<\/a> uudispomm, et Tanja Mihhailova (42) ja Mikk Saar (45) l\u00f5petasid 18 aastat kestnud kooselu.<\/p>\n<p>\u201eMind aitas see, et k\u00f5ik etapid on vaja l\u00e4bi elada. Kui oled kurb, oledki kurb, kui tahad nutta, siis nutad, k\u00f5ik emotsioonid peab v\u00e4lja elama. K\u00e4i ringi, reisi, veeda aega s\u00f5prade ja perega. Rasked hetked on vaja lihtsalt \u00fcle elada,\u201c kirjeldas Tanja, kuidas ta lahkuminekust \u00fcle sai. \u201eAmetlikult olen veel Tanja Mihhailova-Saar, aga enamjaolt kutsutakse mind lihtsalt Tanjaks,\u201c m\u00e4rkis ta.<\/p>\n<p>Oled juba tellija?Logi sisse<\/p>\n<p><a href=\"https:\/\/kroonika.delfi.ee\/artikkel\/120571131\/tanja-mihhailova-lahkuminekust-mikk-saarest-rasked-hetked-on-vaja-lihtsalt-ule-elada\/kommentaarid\" class=\"article-body-bottom__comment article-body-bottom__comment--write button button--primary button--size-auto\" rel=\"nofollow noopener\" target=\"_blank\"> Kommenteeri <\/a><a href=\"https:\/\/kroonika.delfi.ee\/artikkel\/120571131\/tanja-mihhailova-lahkuminekust-mikk-saarest-rasked-hetked-on-vaja-lihtsalt-ule-elada\/kommentaarid\" class=\"article-body-bottom__comment article-body-bottom__comment--read button button--size-auto\" rel=\"nofollow noopener\" target=\"_blank\"> Loe kommentaare (31)<\/a><\/p>\n","protected":false},"excerpt":{"rendered":"Mullu maikuus lahvatas Kroonikas uudispomm, et Tanja Mihhailova (42) ja Mikk Saar (45) l\u00f5petasid 18 aastat kestnud kooselu.&hellip;\n","protected":false},"author":2,"featured_media":163116,"comment_status":"","ping_status":"","sticky":false,"template":"","format":"standard","meta":{"footnotes":"","_share_on_mastodon":"0"},"categories":[16],"tags":[37,33,35,173,34,36,140,4755,8120],"class_list":["post-163115","post","type-post","status-publish","format-standard","has-post-thumbnail","category-meelelahutus","tag-ee","tag-eesti","tag-eesti-keel","tag-entertainment","tag-estonia","tag-estonian","tag-meelelahutus","tag-mikk-saar","tag-tanja-mihhailova"],"share_on_mastodon":{"url":"https:\/\/pubeurope.com\/@ee\/116470799903180223","error":""},"_links":{"self":[{"href":"https:\/\/www.europesays.com\/ee\/wp-json\/wp\/v2\/posts\/163115","targetHints":{"allow":["GET"]}}],"collection":[{"href":"https:\/\/www.europesays.com\/ee\/wp-json\/wp\/v2\/posts"}],"about":[{"href":"https:\/\/www.europesays.com\/ee\/wp-json\/wp\/v2\/types\/post"}],"author":[{"embeddable":true,"href":"https:\/\/www.europesays.com\/ee\/wp-json\/wp\/v2\/users\/2"}],"replies":[{"embeddable":true,"href":"https:\/\/www.europesays.com\/ee\/wp-json\/wp\/v2\/comments?post=163115"}],"version-history":[{"count":0,"href":"https:\/\/www.europesays.com\/ee\/wp-json\/wp\/v2\/posts\/163115\/revisions"}],"wp:featuredmedia":[{"embeddable":true,"href":"https:\/\/www.europesays.com\/ee\/wp-json\/wp\/v2\/media\/163116"}],"wp:attachment":[{"href":"https:\/\/www.europesays.com\/ee\/wp-json\/wp\/v2\/media?parent=163115"}],"wp:term":[{"taxonomy":"category","embeddable":true,"href":"https:\/\/www.europesays.com\/ee\/wp-json\/wp\/v2\/categories?post=163115"},{"taxonomy":"post_tag","embeddable":true,"href":"https:\/\/www.europesays.com\/ee\/wp-json\/wp\/v2\/tags?post=163115"}],"curies":[{"name":"wp","href":"https:\/\/api.w.org\/{rel}","templated":true}]}}