{"id":163126,"date":"2026-04-26T11:47:08","date_gmt":"2026-04-26T11:47:08","guid":{"rendered":"https:\/\/www.europesays.com\/ee\/163126\/"},"modified":"2026-04-26T11:47:08","modified_gmt":"2026-04-26T11:47:08","slug":"nagu-soom-varsket-ohku-rahatarkuse-mojuisikute-uued-suunised-said-paika","status":"publish","type":"post","link":"https:\/\/www.europesays.com\/ee\/163126\/","title":{"rendered":"\u201eNagu s\u00f5\u00f5m v\u00e4rsket \u00f5hku.\u201c Rahatarkuse m\u00f5juisikute uued suunised said paika"},"content":{"rendered":"<p>T\u00e4psemalt tutvustas finantsinspektsioon eelmise aasta s\u00fcgisel esialgset juhendit, kus olid v\u00e4lja toodud head ja halvad tavad, mida peaksid nn m\u00f5juisikud arvestama. Dokumendi toon tekitas aga hulganisti negatiivseid reaktsioone, n\u00e4hes selles sisuliselt investeerimisest r\u00e4\u00e4kimise suukorvistamist. P\u00e4rast seda j\u00e4rgnes aga koost\u00f6\u00f6, kus vastuolu tekitanud kohad paika loksutati.<\/p>\n<p>\u201eHea meel, et FI t\u00f5esti korduvalt m\u00f5juisikuid laua taha arutlema kutsus ja tagasisidet arvesse v\u00f5ttis. Tegelikult on enamik meie m\u00f5jusikuid, kes investeerimisest r\u00e4\u00e4givad, vastutustundlikud oma tegevuses ja selle juhendi aluseks olevaid dokumente juba oma tegemistes j\u00e4lginud,\u201c m\u00e4rkis Eesti \u00fcks tuntumaid rahatarkuse eestk\u00f5nelejaid <a rel=\"noopener nofollow\" target=\"_blank\" href=\"https:\/\/www.delfi.ee\/teema\/79559072\/kristi-saare\" data-rel-date-range=\"[]\">Kristi Saare<\/a>.<\/p>\n<p>Protsessi kaasatud investor Lev Dolgat\u0161jov oli aga veelgi otsekohesem. \u201eL\u00f5pptulemus on nagu s\u00f5\u00f5m v\u00e4rsket \u00f5hku p\u00e4rast seda, kui algses versioonis p\u00fc\u00fcti m\u00f5juisikuid sisuliselt risti l\u00fc\u00fca,\u201c s\u00f5nas ta.<\/p>\n<p>Oled juba tellija?Logi sisse<\/p>\n<p><a href=\"https:\/\/arileht.delfi.ee\/artikkel\/120569744\/inkvisitsiooni-kasiraamatust-sai-pariselt-kasulik-spikker-investeerimise-mojuisikute-uued-suunised-said-paika\/kommentaarid\" class=\"article-body-bottom__comment article-body-bottom__comment--write button button--primary button--size-auto\" rel=\"nofollow noopener\" target=\"_blank\"> Kommenteeri <\/a><a href=\"https:\/\/arileht.delfi.ee\/artikkel\/120569744\/inkvisitsiooni-kasiraamatust-sai-pariselt-kasulik-spikker-investeerimise-mojuisikute-uued-suunised-said-paika\/kommentaarid\" class=\"article-body-bottom__comment article-body-bottom__comment--read button button--size-auto\" rel=\"nofollow noopener\" target=\"_blank\"> Loe kommentaare <\/a><\/p>\n","protected":false},"excerpt":{"rendered":"T\u00e4psemalt tutvustas finantsinspektsioon eelmise aasta s\u00fcgisel esialgset juhendit, kus olid v\u00e4lja toodud head ja halvad tavad, mida peaksid&hellip;\n","protected":false},"author":2,"featured_media":163057,"comment_status":"","ping_status":"","sticky":false,"template":"","format":"standard","meta":{"footnotes":"","_share_on_mastodon":"0"},"categories":[14],"tags":[131,130,37,33,35,34,36,3865,780,22017,38633,8351],"class_list":["post-163126","post","type-post","status-publish","format-standard","has-post-thumbnail","category-ari","tag-ari","tag-business","tag-ee","tag-eesti","tag-eesti-keel","tag-estonia","tag-estonian","tag-finantsinspektsioon","tag-investeerimine","tag-kristi-saare","tag-mojuisikud","tag-rahatarkus"],"share_on_mastodon":{"url":"https:\/\/pubeurope.com\/@ee\/116470850836073125","error":""},"_links":{"self":[{"href":"https:\/\/www.europesays.com\/ee\/wp-json\/wp\/v2\/posts\/163126","targetHints":{"allow":["GET"]}}],"collection":[{"href":"https:\/\/www.europesays.com\/ee\/wp-json\/wp\/v2\/posts"}],"about":[{"href":"https:\/\/www.europesays.com\/ee\/wp-json\/wp\/v2\/types\/post"}],"author":[{"embeddable":true,"href":"https:\/\/www.europesays.com\/ee\/wp-json\/wp\/v2\/users\/2"}],"replies":[{"embeddable":true,"href":"https:\/\/www.europesays.com\/ee\/wp-json\/wp\/v2\/comments?post=163126"}],"version-history":[{"count":0,"href":"https:\/\/www.europesays.com\/ee\/wp-json\/wp\/v2\/posts\/163126\/revisions"}],"wp:featuredmedia":[{"embeddable":true,"href":"https:\/\/www.europesays.com\/ee\/wp-json\/wp\/v2\/media\/163057"}],"wp:attachment":[{"href":"https:\/\/www.europesays.com\/ee\/wp-json\/wp\/v2\/media?parent=163126"}],"wp:term":[{"taxonomy":"category","embeddable":true,"href":"https:\/\/www.europesays.com\/ee\/wp-json\/wp\/v2\/categories?post=163126"},{"taxonomy":"post_tag","embeddable":true,"href":"https:\/\/www.europesays.com\/ee\/wp-json\/wp\/v2\/tags?post=163126"}],"curies":[{"name":"wp","href":"https:\/\/api.w.org\/{rel}","templated":true}]}}