{"id":163179,"date":"2026-04-26T12:56:35","date_gmt":"2026-04-26T12:56:35","guid":{"rendered":"https:\/\/www.europesays.com\/ee\/163179\/"},"modified":"2026-04-26T12:56:35","modified_gmt":"2026-04-26T12:56:35","slug":"kaitsepolitsei-jattis-jaan-tootsi-ja-aleksei-jevgrafovi-suhtes-kriminaalasja-algatamata","status":"publish","type":"post","link":"https:\/\/www.europesays.com\/ee\/163179\/","title":{"rendered":"Kaitsepolitsei j\u00e4ttis Jaan Tootsi ja Aleksei Jevgrafovi suhtes kriminaalasja algatamata"},"content":{"rendered":"<p>Narvas t\u00fclli p\u00f6\u00f6ranud ja \u00fcksteise peale kuriteokaebusi esitanud poliitikutest said sellel n\u00e4dalal punktiv\u00f5idu keskerakondlased Jaan Toots ja Aleksei Jevgrafov, kuna kaitsepolitsei otsustas, et ei alusta nende tegevuse uurimiseks kriminaalmenetlust. Avalduse seda teha oli esitanud linnavolikogu esimees Mihhail Stalnuhhin.<\/p>\n<p class=\"MsoNormal\">Kriminaalmenetlus j\u00e4eti alustamata p\u00f5hjusel, et kuriteokoosseisu ei tuvastatud, \u00fctles riigiprokuratuuri avalike suhete juht Helen Uldrich Postimehele.<\/p>\n","protected":false},"excerpt":{"rendered":"Narvas t\u00fclli p\u00f6\u00f6ranud ja \u00fcksteise peale kuriteokaebusi esitanud poliitikutest said sellel n\u00e4dalal punktiv\u00f5idu keskerakondlased Jaan Toots ja Aleksei&hellip;\n","protected":false},"author":2,"featured_media":163180,"comment_status":"","ping_status":"","sticky":false,"template":"","format":"standard","meta":{"footnotes":"","_share_on_mastodon":"0"},"categories":[12],"tags":[13004,26,27,37,33,35,34,36,31,32,21,12549,3846,7137,63647,28,29,12331,2521,19,25,3848,23,24,22,20,30],"class_list":["post-163179","post","type-post","status-publish","format-standard","has-post-thumbnail","category-eesti","tag-aleksei-jevgrafov","tag-breaking-news","tag-breakingnews","tag-ee","tag-eesti","tag-eesti-keel","tag-estonia","tag-estonian","tag-featured-news","tag-featurednews","tag-headlines","tag-jaan-toots","tag-kaitsepolitsei","tag-kriminaalmenetlus","tag-kuriteoteade","tag-latest-news","tag-latestnews","tag-mihhail-stalnuhhin","tag-narva","tag-news","tag-populaarseimad-lood","tag-riigiprokuratuur","tag-top-stories","tag-topstories","tag-uldised-uudised","tag-uudised","tag-viimased-uudised"],"share_on_mastodon":{"url":"https:\/\/pubeurope.com\/@ee\/116471122116351906","error":""},"_links":{"self":[{"href":"https:\/\/www.europesays.com\/ee\/wp-json\/wp\/v2\/posts\/163179","targetHints":{"allow":["GET"]}}],"collection":[{"href":"https:\/\/www.europesays.com\/ee\/wp-json\/wp\/v2\/posts"}],"about":[{"href":"https:\/\/www.europesays.com\/ee\/wp-json\/wp\/v2\/types\/post"}],"author":[{"embeddable":true,"href":"https:\/\/www.europesays.com\/ee\/wp-json\/wp\/v2\/users\/2"}],"replies":[{"embeddable":true,"href":"https:\/\/www.europesays.com\/ee\/wp-json\/wp\/v2\/comments?post=163179"}],"version-history":[{"count":0,"href":"https:\/\/www.europesays.com\/ee\/wp-json\/wp\/v2\/posts\/163179\/revisions"}],"wp:featuredmedia":[{"embeddable":true,"href":"https:\/\/www.europesays.com\/ee\/wp-json\/wp\/v2\/media\/163180"}],"wp:attachment":[{"href":"https:\/\/www.europesays.com\/ee\/wp-json\/wp\/v2\/media?parent=163179"}],"wp:term":[{"taxonomy":"category","embeddable":true,"href":"https:\/\/www.europesays.com\/ee\/wp-json\/wp\/v2\/categories?post=163179"},{"taxonomy":"post_tag","embeddable":true,"href":"https:\/\/www.europesays.com\/ee\/wp-json\/wp\/v2\/tags?post=163179"}],"curies":[{"name":"wp","href":"https:\/\/api.w.org\/{rel}","templated":true}]}}