{"id":16321,"date":"2025-10-10T12:21:06","date_gmt":"2025-10-10T12:21:06","guid":{"rendered":"https:\/\/www.europesays.com\/ee\/16321\/"},"modified":"2025-10-10T12:21:06","modified_gmt":"2025-10-10T12:21:06","slug":"reedel-astuvad-kitarrifestivalil-ules-maailmakuulsad-mike-stern-ja-leni-stern","status":"publish","type":"post","link":"https:\/\/www.europesays.com\/ee\/16321\/","title":{"rendered":"Reedel astuvad kitarrifestivalil \u00fcles maailmakuulsad Mike Stern ja Leni Stern"},"content":{"rendered":"<p>\u200bFestival\u00a0andis pressiteates teada, et neljap\u00e4eva \u00f5htut alustasid Uue Muusika laval Konservatooriumis\u00a0Frederik K\u00fc\u00fcts ja tema \u00fcllatusk\u00fclaline Anett. Saal oli v\u00e4lja m\u00fc\u00fcdud. Lava v\u00f5ttis \u00fcle energilise esinemisega kuulajad tantsima pannud South of Savoy.<\/p>\n<p>\u200bT\u00e4na j\u00f5uavad Viljandisse kaua oodatud legendid, maailmakuulsad USA kitarristid Mike ja Leni Stern, kes astuvad lavale koos Soome virtuoosi Varre Vartiaineni kvartetiga.<\/p>\n","protected":false},"excerpt":{"rendered":"\u200bFestival\u00a0andis pressiteates teada, et neljap\u00e4eva \u00f5htut alustasid Uue Muusika laval Konservatooriumis\u00a0Frederik K\u00fc\u00fcts ja tema \u00fcllatusk\u00fclaline Anett. Saal oli&hellip;\n","protected":false},"author":2,"featured_media":16322,"comment_status":"","ping_status":"","sticky":false,"template":"","format":"standard","meta":{"footnotes":""},"categories":[16],"tags":[37,33,35,173,34,36,140,9726],"class_list":{"0":"post-16321","1":"post","2":"type-post","3":"status-publish","4":"format-standard","5":"has-post-thumbnail","7":"category-meelelahutus","8":"tag-ee","9":"tag-eesti","10":"tag-eesti-keel","11":"tag-entertainment","12":"tag-estonia","13":"tag-estonian","14":"tag-meelelahutus","15":"tag-viljandi-kitarrifestival"},"share_on_mastodon":{"url":"","error":""},"_links":{"self":[{"href":"https:\/\/www.europesays.com\/ee\/wp-json\/wp\/v2\/posts\/16321","targetHints":{"allow":["GET"]}}],"collection":[{"href":"https:\/\/www.europesays.com\/ee\/wp-json\/wp\/v2\/posts"}],"about":[{"href":"https:\/\/www.europesays.com\/ee\/wp-json\/wp\/v2\/types\/post"}],"author":[{"embeddable":true,"href":"https:\/\/www.europesays.com\/ee\/wp-json\/wp\/v2\/users\/2"}],"replies":[{"embeddable":true,"href":"https:\/\/www.europesays.com\/ee\/wp-json\/wp\/v2\/comments?post=16321"}],"version-history":[{"count":0,"href":"https:\/\/www.europesays.com\/ee\/wp-json\/wp\/v2\/posts\/16321\/revisions"}],"wp:featuredmedia":[{"embeddable":true,"href":"https:\/\/www.europesays.com\/ee\/wp-json\/wp\/v2\/media\/16322"}],"wp:attachment":[{"href":"https:\/\/www.europesays.com\/ee\/wp-json\/wp\/v2\/media?parent=16321"}],"wp:term":[{"taxonomy":"category","embeddable":true,"href":"https:\/\/www.europesays.com\/ee\/wp-json\/wp\/v2\/categories?post=16321"},{"taxonomy":"post_tag","embeddable":true,"href":"https:\/\/www.europesays.com\/ee\/wp-json\/wp\/v2\/tags?post=16321"}],"curies":[{"name":"wp","href":"https:\/\/api.w.org\/{rel}","templated":true}]}}