{"id":163321,"date":"2026-04-26T16:11:06","date_gmt":"2026-04-26T16:11:06","guid":{"rendered":"https:\/\/www.europesays.com\/ee\/163321\/"},"modified":"2026-04-26T16:11:06","modified_gmt":"2026-04-26T16:11:06","slug":"marquez-pani-bezzecchi-voiduseeriale-punkti-motosport","status":"publish","type":"post","link":"https:\/\/www.europesays.com\/ee\/163321\/","title":{"rendered":"Marquez pani Bezzecchi v\u00f5iduseeriale punkti | Motosport"},"content":{"rendered":"<p>Mootorrataste ringrajas\u00f5idusarja MotoGP hooaja neljandal etapil Hispaanias saavutas kodupubliku ees esikoha Alex Marquez (BK8 Gresini Racing MotoGP).<\/p>\n<p>Mullu samal ringrajal karj\u00e4\u00e4ri esimese etapiv\u00f5idu MotoGP tasemel teeninud Marquez edestas p\u00fchap\u00e4evases p\u00f5his\u00f5idus sarja \u00fcldliidrit Marco Bezzecchit (Aprilia Racing; +1,903), kes v\u00f5itis t\u00e4navuse hooaja eelmised kolm etappi ja m\u00f6\u00f6dunud hooaja kaks viimast etappi.<\/p>\n<p>Pjedestaali madalaimale astmele astus Fabio Di Giannantonio (Pertamina Enduro VR46 Racing Team; +5,796), neljandaks tuli 2024. aasta maailmameister Jorge Martin (Aprilia Racing; +9,229).<\/p>\n<p>Valitsev maailmameister ja laup\u00e4evase sprindis\u00f5idu v\u00f5itja Marc Marquez (Ducati Lenovo Team) tegi teisel ringil avarii ning oli sunnitud katkestama.<\/p>\n<p>Bezzecchi juhib \u00fcldarvestuses 101 punktiga, talle j\u00e4rgnevad Martin (90 p) ja Di Giannantonio (71 p). Marc Marquez on viies (57 p) ja Alex seitsmes (53 p).<\/p>\n<p>Hooaja viies etapp s\u00f5idetakse kahe n\u00e4dala p\u00e4rast Prantsusmaal Le Mans&#8217;is.<\/p>\n","protected":false},"excerpt":{"rendered":"Mootorrataste ringrajas\u00f5idusarja MotoGP hooaja neljandal etapil Hispaanias saavutas kodupubliku ees esikoha Alex Marquez (BK8 Gresini Racing MotoGP). Mullu&hellip;\n","protected":false},"author":2,"featured_media":163322,"comment_status":"","ping_status":"","sticky":false,"template":"","format":"standard","meta":{"footnotes":"","_share_on_mastodon":"0"},"categories":[18],"tags":[76395,37,33,35,34,36,12721,4880,159,158],"class_list":["post-163321","post","type-post","status-publish","format-standard","has-post-thumbnail","category-sport","tag-alex-marquez","tag-ee","tag-eesti","tag-eesti-keel","tag-estonia","tag-estonian","tag-marco-bezzecchi","tag-motogp","tag-sport","tag-sports"],"share_on_mastodon":{"url":"https:\/\/pubeurope.com\/@ee\/116471888944279453","error":""},"_links":{"self":[{"href":"https:\/\/www.europesays.com\/ee\/wp-json\/wp\/v2\/posts\/163321","targetHints":{"allow":["GET"]}}],"collection":[{"href":"https:\/\/www.europesays.com\/ee\/wp-json\/wp\/v2\/posts"}],"about":[{"href":"https:\/\/www.europesays.com\/ee\/wp-json\/wp\/v2\/types\/post"}],"author":[{"embeddable":true,"href":"https:\/\/www.europesays.com\/ee\/wp-json\/wp\/v2\/users\/2"}],"replies":[{"embeddable":true,"href":"https:\/\/www.europesays.com\/ee\/wp-json\/wp\/v2\/comments?post=163321"}],"version-history":[{"count":0,"href":"https:\/\/www.europesays.com\/ee\/wp-json\/wp\/v2\/posts\/163321\/revisions"}],"wp:featuredmedia":[{"embeddable":true,"href":"https:\/\/www.europesays.com\/ee\/wp-json\/wp\/v2\/media\/163322"}],"wp:attachment":[{"href":"https:\/\/www.europesays.com\/ee\/wp-json\/wp\/v2\/media?parent=163321"}],"wp:term":[{"taxonomy":"category","embeddable":true,"href":"https:\/\/www.europesays.com\/ee\/wp-json\/wp\/v2\/categories?post=163321"},{"taxonomy":"post_tag","embeddable":true,"href":"https:\/\/www.europesays.com\/ee\/wp-json\/wp\/v2\/tags?post=163321"}],"curies":[{"name":"wp","href":"https:\/\/api.w.org\/{rel}","templated":true}]}}