{"id":163341,"date":"2026-04-26T16:35:28","date_gmt":"2026-04-26T16:35:28","guid":{"rendered":"https:\/\/www.europesays.com\/ee\/163341\/"},"modified":"2026-04-26T16:35:28","modified_gmt":"2026-04-26T16:35:28","slug":"tuvastamata-terroristid-rundasid-malis-korraga-mitut-sojavaebaasi-maailm-postimees-ee","status":"publish","type":"post","link":"https:\/\/www.europesays.com\/ee\/163341\/","title":{"rendered":"Tuvastamata terroristid r\u00fcndasid Malis korraga mitut s\u00f5jav\u00e4ebaasi &#8211; Maailm &#8211; Postimees.ee"},"content":{"rendered":"<ol>\n<li><a href=\"https:\/\/news.google.com\/rss\/articles\/CBMiowFBVV95cUxQeEw1TDVTcmQxdXJYR01xdVBwVWhBOFFUV2MyTEJITWxqM0Qzci1jRFNheGI2bEkyTGR5cVhsWEx1UTd1SG5USlNwMUsxRUdhS2hGdlRhR3RyMU5nendxNUc2b3BZdDRoVXNtdHVpSU93eUlEWUotbjhQVnh6MFJhNTg0cWduVjltLVZ5VVdDZkFrXzBLQVBGeGdoazByU2xUTDRF?oc=5\" target=\"_blank\" rel=\"nofollow noopener\">Tuvastamata terroristid r\u00fcndasid Malis korraga mitut s\u00f5jav\u00e4ebaasi<\/a>&nbsp;&nbsp;Maailm &#8211; Postimees.ee<\/li>\n<li><a href=\"https:\/\/news.google.com\/rss\/articles\/CBMiP0FVX3lxTFBQLUFaVDlGNTlVRzZYYmlKNEYwOVUyMG9IUlZ0UnhoWmNyWW9YZXQxbmJFRUNrRFV0WFRtbnlZZw?oc=5\" target=\"_blank\" rel=\"nofollow noopener\">Armin Karu seikleb \u00fcmber maailma. \u201eSee on ju \u00e4ge \u2013 s\u00f5ita \u00fcmber palli omal j\u00f5ul\u201c<\/a>&nbsp;&nbsp;Uudis.net<\/li>\n<li><a href=\"https:\/\/news.google.com\/rss\/articles\/CBMingFBVV95cUxPbmluMkh2MjFPSGprSWtsVHNHTmRBU0U0T1ZuVGpwOFNzc0R3ZDl3bzdSUW1XQzhLajZrLW9JUVM4NldkbFVrOVFKdGRzWWVCWENpTEluN19mb1VNVlJqcVVpOTVUcnVWOXJ2ckVSWjJTU3V4eG8yMEpmUURrWFc3Z2pWdXhXanIzU2xrcGVXM1YxcF8yLTRSeXMwa1VCUQ?oc=5\" target=\"_blank\" rel=\"nofollow noopener\">Venelasi tabas Aafrikas valus kaotus, nad t\u00f5mbavad ilmselt v\u00e4ed v\u00e4lja<\/a>&nbsp;&nbsp;eestinen<\/li>\n<li><a href=\"https:\/\/news.google.com\/rss\/articles\/CBMiuAFBVV95cUxNZmFodVFtV1BTaVl5V1ZnRVNIZ3NkZ0tDa3lsaFEyQmxCQzVCamVxRTh4SzFza0lCVlFhYUoxcjNSY0NUaGNPdnhaZEc1ak5CNXBiTlZxdlNaTTNFQ0IwVHktMFVoc29oV0lLd1hJQ3dWTXRMelk3ZHBQMXhvTFcwUWFYeWdJSnZOSFNtNmJHSnFaSGtfaGVoVkRGam0zUjNTUnpvdGttMjR6TDAtcnN2U1liMExFT3FZ?oc=5\" target=\"_blank\" rel=\"nofollow noopener\">Relvastatud r\u00fchmitused korraldasid mitmel pool Malis koordineeritud r\u00fcnnakuid<\/a>&nbsp;&nbsp;Delfi<\/li>\n<\/ol>\n","protected":false},"excerpt":{"rendered":"Tuvastamata terroristid r\u00fcndasid Malis korraga mitut s\u00f5jav\u00e4ebaasi&nbsp;&nbsp;Maailm &#8211; Postimees.ee Armin Karu seikleb \u00fcmber maailma. \u201eSee on ju \u00e4ge&hellip;\n","protected":false},"author":2,"featured_media":163342,"comment_status":"","ping_status":"","sticky":false,"template":"","format":"standard","meta":{"footnotes":"","_share_on_mastodon":"0"},"categories":[80],"tags":[76016,26,27,37,33,35,34,36,31,32,21,28,29,95,13214,76398,19,25,76399,23,24,22,20,30,92,93,94],"class_list":["post-163341","post","type-post","status-publish","format-standard","has-post-thumbnail","category-maailm","tag-bamako","tag-breaking-news","tag-breakingnews","tag-ee","tag-eesti","tag-eesti-keel","tag-estonia","tag-estonian","tag-featured-news","tag-featurednews","tag-headlines","tag-latest-news","tag-latestnews","tag-maailm","tag-mali","tag-mali-armee","tag-news","tag-populaarseimad-lood","tag-terroristlikud-ruhmitused","tag-top-stories","tag-topstories","tag-uldised-uudised","tag-uudised","tag-viimased-uudised","tag-world","tag-world-news","tag-worldnews"],"share_on_mastodon":{"url":"https:\/\/pubeurope.com\/@ee\/116471983219142903","error":""},"_links":{"self":[{"href":"https:\/\/www.europesays.com\/ee\/wp-json\/wp\/v2\/posts\/163341","targetHints":{"allow":["GET"]}}],"collection":[{"href":"https:\/\/www.europesays.com\/ee\/wp-json\/wp\/v2\/posts"}],"about":[{"href":"https:\/\/www.europesays.com\/ee\/wp-json\/wp\/v2\/types\/post"}],"author":[{"embeddable":true,"href":"https:\/\/www.europesays.com\/ee\/wp-json\/wp\/v2\/users\/2"}],"replies":[{"embeddable":true,"href":"https:\/\/www.europesays.com\/ee\/wp-json\/wp\/v2\/comments?post=163341"}],"version-history":[{"count":0,"href":"https:\/\/www.europesays.com\/ee\/wp-json\/wp\/v2\/posts\/163341\/revisions"}],"wp:featuredmedia":[{"embeddable":true,"href":"https:\/\/www.europesays.com\/ee\/wp-json\/wp\/v2\/media\/163342"}],"wp:attachment":[{"href":"https:\/\/www.europesays.com\/ee\/wp-json\/wp\/v2\/media?parent=163341"}],"wp:term":[{"taxonomy":"category","embeddable":true,"href":"https:\/\/www.europesays.com\/ee\/wp-json\/wp\/v2\/categories?post=163341"},{"taxonomy":"post_tag","embeddable":true,"href":"https:\/\/www.europesays.com\/ee\/wp-json\/wp\/v2\/tags?post=163341"}],"curies":[{"name":"wp","href":"https:\/\/api.w.org\/{rel}","templated":true}]}}