{"id":163352,"date":"2026-04-26T16:48:09","date_gmt":"2026-04-26T16:48:09","guid":{"rendered":"https:\/\/www.europesays.com\/ee\/163352\/"},"modified":"2026-04-26T16:48:09","modified_gmt":"2026-04-26T16:48:09","slug":"mis-nuud-grete-kuld-tuli-ekraanile-tagasi-neiupolvenimega","status":"publish","type":"post","link":"https:\/\/www.europesays.com\/ee\/163352\/","title":{"rendered":"Mis n\u00fc\u00fcd? Grete Kuld tuli ekraanile tagasi neiup\u00f5lvenimega"},"content":{"rendered":"<p>Sarja \u201eMinu k\u00fcla\u201c v\u00e4rsketes osades teeb kaasa Grete Kuld, kes kehastab Gunnar Holmi \u00f5de. Oma roll on sarjas ka Grete ja Ergo t\u00fctrel Saaral, kes m\u00e4ngib Inriidi s\u00f5nakat ja vallatuid krutskeid t\u00e4is t\u00fctart Mariat. <\/p>\n<p>P\u00e4rast avaepisoodi l\u00f5ppu p\u00fc\u00fcdis televaatajate pilke Grete nimi l\u00f5putiitrites \u2013 Grete Klein. Grete s\u00f5nas <a rel=\"noopener follow nofollow\" target=\"_blank\" href=\"https:\/\/elu24.postimees.ee\/8459399\/mis-nuud-naitleja-grete-kuld-tuli-ekraanile-tagasi-neiupolvenimega\" data-rel-date-range=\"[]\">Elu24<\/a>-le, et info, justkui ta oleks oma neiup\u00f5lvenime tagasi v\u00f5tnud, ei vasta t\u00f5ele. \u201ePadjaklubis, mis esilinastus m\u00f5ned p\u00e4evad tagasi, olen endiselt Grete Kuld,\u201c m\u00e4rkis ta.<\/p>\n<p>Sotsiaalmeedias kannab Grete endiselt perekonnanime Kuld.<\/p>\n<p>L\u00e4ksid lahku<\/p>\n<p>Grete teatas m\u00f6\u00f6dunud augusti keskpaigas sotsiaalmeedia vahendusel, et tema ja Ergo abielu on l\u00e4bi saanud.<\/p>\n<p><img decoding=\"async\" src=\"https:\/\/www.europesays.com\/ee\/wp-content\/uploads\/2026\/04\/f5937589-149c-45d3-addf-77587b635574.jpg\" loading=\"lazy\" alt=\"VEEL KOOS Ergo ja Grete Kuld.\"\/><\/p>\n<p>\u201eKaheksa aastat puhast kulda, k\u00f5igi varjundite ja t\u00e4istoonidega \u2013 kirg, kasvamine, paranemine, kergus, raskus, kodusoojus, s\u00fcnergia. Meist said 11 aastat tagasi suured s\u00f5brad ja oleme seda ka edaspidi. See ei ole draama ega tunnete dissonants, see on hingeline avardumine, mis vahel vajab rohkem ruumi ja aega,\u201c kirjutas Grete sotsiaalmeedias. \u201eMeie kooslus on meid mehe ja naisena defineerinud, on olnud meie kodu ja turvapaik. See imeline ja ilus peat\u00fckk meie eludes on aga \u00fcmber saanud. J\u00e4tkame oma eraldi kasvamise teekonda parimate s\u00f5pradena ja ikka teineteist toetavalt.\u201c<\/p>\n<p>Vaid loetud n\u00e4dalad p\u00e4rast teadaannet j\u00e4i Grete P\u00e4rnus k\u00e4sik\u00e4es kaamerasilma ette koos kolleegi J\u00fcrgen P\u00e4rnsaluga. Varsti p\u00e4rast seda tunnistas J\u00fcrgen Star FM-i hommikuprogrammis, et elab \u00fcksinda. Enne oli ta 22 aastat paar oma noorusp\u00f5lve kallima Karin Martinsoniga.<\/p>\n<p>Kuigi J\u00fcrgen ega Grete kumbki pole oma suhet siiani kinnitanud, on neid n\u00e4htud kordi ja kordi k\u00e4sik\u00e4es linnapildis ja l\u00e4hestikku erinevatel \u00fcritustel. Kuid aprilli alguses jagas Grete oma 100 000 Instagrami j\u00e4lgijaga hulga pilte. Fotoseeria l\u00f5petas mustvalge foto, kus Grete hoiab salap\u00e4raselt meesterahvalt autos k\u00e4est kinni.<\/p>\n<p>Tegu oli esimese korraga, mil Grete p\u00e4rast lahutust \u00fchismeedias oma uuele suhtele viitab. Seda, kas Grete hoidis fotol just J\u00fcrgenil k\u00e4est kinni, ei ole teada, sest \u00fchtegi kasutajat ta foto juurde m\u00e4rkinud ei ole. K\u00fcll aga vaid hiljuti v\u00e4isasid nad k\u00e4sik\u00e4es rokkmuusikali \u201eRomeo ja Julia\u201c esilinastust, kus kummagi kehakeel ei teinud saladust sellest, et ollakse paar.<\/p>\n<p>Kuidas see lugu Sind end tundma pani? Saada <a href=\"https:\/\/kroonika.delfi.ee\/artikkel\/120571191\/mis-nuud-grete-kuld-tuli-ekraanile-tagasi-neiupolvenimega\/kommentaarid\" class=\"article-body-bottom__comment article-body-bottom__comment--write button button--primary button--size-auto\" rel=\"nofollow noopener\" target=\"_blank\"> Kommenteeri <\/a><a href=\"https:\/\/kroonika.delfi.ee\/artikkel\/120571191\/mis-nuud-grete-kuld-tuli-ekraanile-tagasi-neiupolvenimega\/kommentaarid\" class=\"article-body-bottom__comment article-body-bottom__comment--read button button--size-auto\" rel=\"nofollow noopener\" target=\"_blank\"> Loe kommentaare (10)<\/a><\/p>\n","protected":false},"excerpt":{"rendered":"Sarja \u201eMinu k\u00fcla\u201c v\u00e4rsketes osades teeb kaasa Grete Kuld, kes kehastab Gunnar Holmi \u00f5de. Oma roll on sarjas&hellip;\n","protected":false},"author":2,"featured_media":163353,"comment_status":"","ping_status":"","sticky":false,"template":"","format":"standard","meta":{"footnotes":"","_share_on_mastodon":"0"},"categories":[5],"tags":[26,27,37,33,35,11072,34,36,31,32,1597,21,28,29,19,25,23,24,22,20,30],"class_list":["post-163352","post","type-post","status-publish","format-standard","has-post-thumbnail","category-uldised-uudised","tag-breaking-news","tag-breakingnews","tag-ee","tag-eesti","tag-eesti-keel","tag-ergo-kuld","tag-estonia","tag-estonian","tag-featured-news","tag-featurednews","tag-grete-kuld","tag-headlines","tag-latest-news","tag-latestnews","tag-news","tag-populaarseimad-lood","tag-top-stories","tag-topstories","tag-uldised-uudised","tag-uudised","tag-viimased-uudised"],"share_on_mastodon":{"url":"https:\/\/pubeurope.com\/@ee\/116472034506704743","error":""},"_links":{"self":[{"href":"https:\/\/www.europesays.com\/ee\/wp-json\/wp\/v2\/posts\/163352","targetHints":{"allow":["GET"]}}],"collection":[{"href":"https:\/\/www.europesays.com\/ee\/wp-json\/wp\/v2\/posts"}],"about":[{"href":"https:\/\/www.europesays.com\/ee\/wp-json\/wp\/v2\/types\/post"}],"author":[{"embeddable":true,"href":"https:\/\/www.europesays.com\/ee\/wp-json\/wp\/v2\/users\/2"}],"replies":[{"embeddable":true,"href":"https:\/\/www.europesays.com\/ee\/wp-json\/wp\/v2\/comments?post=163352"}],"version-history":[{"count":0,"href":"https:\/\/www.europesays.com\/ee\/wp-json\/wp\/v2\/posts\/163352\/revisions"}],"wp:featuredmedia":[{"embeddable":true,"href":"https:\/\/www.europesays.com\/ee\/wp-json\/wp\/v2\/media\/163353"}],"wp:attachment":[{"href":"https:\/\/www.europesays.com\/ee\/wp-json\/wp\/v2\/media?parent=163352"}],"wp:term":[{"taxonomy":"category","embeddable":true,"href":"https:\/\/www.europesays.com\/ee\/wp-json\/wp\/v2\/categories?post=163352"},{"taxonomy":"post_tag","embeddable":true,"href":"https:\/\/www.europesays.com\/ee\/wp-json\/wp\/v2\/tags?post=163352"}],"curies":[{"name":"wp","href":"https:\/\/api.w.org\/{rel}","templated":true}]}}