{"id":163750,"date":"2026-04-27T08:29:12","date_gmt":"2026-04-27T08:29:12","guid":{"rendered":"https:\/\/www.europesays.com\/ee\/163750\/"},"modified":"2026-04-27T08:29:12","modified_gmt":"2026-04-27T08:29:12","slug":"eesti-kaastoodetud-film-vesna-valiti-cannesi-filmifestivalile-film","status":"publish","type":"post","link":"https:\/\/www.europesays.com\/ee\/163750\/","title":{"rendered":"Eesti kaastoodetud film &#8220;Vesna&#8221; valiti Cannes&#8217;i filmifestivalile | Film"},"content":{"rendered":"<p>Leedu, Prantsusmaa ja Eesti kaastootmises valminud m\u00e4ngufilm &#8220;Vesna&#8221; valiti Cannes&#8217;i filmifestivali ametlikku programmi ning linastub erilinastuste (Special Screenings) sektsioonis. Eesti kinodesse j\u00f5uab film 2026. aasta l\u00f5pus.<\/p>\n<p>Filmi re\u017eiss\u00f6\u00f6r ja stsenarist on Rostislav Kirpichenko. Rostislav on s\u00fcndinud Leedus, kuid kolis lapsena Ukrainasse ning sealt edasi Prantsusmaale. &#8220;Vesna&#8221; on tema esimene m\u00e4ngufilm. Film k\u00e4sitleb s\u00f5jaolukorras inimlikkuse ja v\u00e4\u00e4rikuse s\u00e4ilitamise teemat. Filmi tegevus toimub okupeeritud Ukrainas, kus noor preester riskib oma eluga, et tagada hukkunutele v\u00e4\u00e4rikas \u00e4rasaatmine.<\/p>\n<p>Re\u017eiss\u00f6\u00f6ri s\u00f5nul on filmi peamine eesm\u00e4rk tuua n\u00e4htavale kogemused, millest visuaalne tunnistus sageli puudub: &#8220;Meil ei ole nendest paikadest ja s\u00fcndmustest pilte, seega pidime looma kujutised millestki, mida ei ole v\u00f5imalik n\u00e4ha, kuid need lood p\u00f5hinevad inimeste tegelikel kogemustel.&#8221;<\/p>\n<p>Filmi Eesti-poolne produtsent on Vitali Sheremetiev tootmisfirmast Esse House. &#8220;P\u00e4rast kohtumist Prantsusmaa-poolse produtsendi Helena Pokornyga Cannes&#8217;is 2024. aastal sai selgeks, et see on projekt, millest ei saa m\u00f6\u00f6da vaadata. Kui stsenaariumiga tutvusime, m\u00f5istsime kiiresti, et tegemist ei ole lihtsalt looga, vaid katsega l\u00e4heneda kogemusele, mida on peaaegu v\u00f5imatu vahetult n\u00e4ha \u2013 sealhulgas s\u00f5jakuritegudele, mis Ukrainas aset leiavad.&#8221;<\/p>\n<p>&#8220;&#8221;Vesna&#8221; r\u00e4\u00e4gib valikutest olukorras, kus neid peaaegu ei ole, ning sellest, mis juhtub inimesega, kui vabadus valida kaob. Meie jaoks on see projekt nii isiklik kui ka vastutus \u2013 aidata sellel lool j\u00f5uda publikuni ning talletada see tunnistusena, mida ei saa hajutada ei kaugus ega \u00fcksk\u00f5iksus,&#8221; lisas Sheremetiev.<\/p>\n<p>Eesti poolt on filmi muusika, mille autor on Sten Sheripov, ning visuaalefektide eest hoolitses Heiki Luts (Frost FX). Filmi k\u00f5rvalosas m\u00e4ngib ka Ukraina s\u00f5jap\u00f5genikuna Eestis viibiv lapsn\u00e4itleja Vadym Kochetov.<\/p>\n<p>Eesti Filmi Instituudi peaprodutsent Viola Salu \u00fctles, et kui &#8220;Vesna&#8221; nende lauale j\u00f5udis, oli selge, et see lugu peab valmima ja j\u00f5udma rahvusvahelise publiku ette. &#8220;Re\u017eiss\u00f6\u00f6ri visioon oli selge ja p\u00f5hjalik ning autori motivatsioon seda lugu jutustada veenev. On v\u00e4ga r\u00f5\u00f5mustav, et Eesti on &#8220;Vesna&#8221; kaastootja ning selles vapustavas loos k\u00f5lab Eesti helilooja Sten Sheripovi kirjutatud muusika.&#8221;<\/p>\n<p>&#8220;Vesna&#8221; on valminud Leedu, Prantsusmaa ja Eesti koost\u00f6\u00f6s, mille peatootjad on Film Jam (Leedu), Matka Films (Prantsusmaa) ja Esse House (Eesti). Produtsendid on Stasys Baltakis (Film Jam) ja Helena Pokorny (Matka Films) ning kaasprodutsendid Vitali Sheremetiev, Oleksii Zhonik, Mariana Novikova ja Katerina Skrynska (Esse House), Marianne Lenoir ja \u00c9ric Lenoir (La Femme qui Aimait les Films, Prantsusmaa) ning Jonathan Lester ja Damien Favreau (Lester Film, Prantsusmaa). &#8220;Vesna&#8221; osales 2025. aastal P\u00d6FFi ajal toimunud Baltic Eventi kaastootmisturul.<\/p>\n<p>Filmi stsenarist ja re\u017eiss\u00f6\u00f6r on Rostislav Kirpichenko, operaator Vilius Ma\u010diulskis, kunstnik Iris Morlat, helilooja Sten Sheripov, helire\u017eiss\u00f6\u00f6r Marius Bla\u017eys, monteerija Marie Vettese. Filmi peaosades on K\u0119stutis Cic\u0117nas, Valentin Novopolskij, Anastasiia Pustovit, Bartas \u017ddanovi\u010dius, Martynas Kukta, \u0160ar\u016bnas Datenis, Daumantas Ciunis, Via\u010deslav Lukjanov ja Jevgenija Gladij.<\/p>\n<p>Cannes&#8217;i filmifestival toimub 12.\u201323. maini.<\/p>\n","protected":false},"excerpt":{"rendered":"Leedu, Prantsusmaa ja Eesti kaastootmises valminud m\u00e4ngufilm &#8220;Vesna&#8221; valiti Cannes&#8217;i filmifestivali ametlikku programmi ning linastub erilinastuste (Special Screenings)&hellip;\n","protected":false},"author":2,"featured_media":163751,"comment_status":"","ping_status":"","sticky":false,"template":"","format":"standard","meta":{"footnotes":"","_share_on_mastodon":"0"},"categories":[16],"tags":[11814,37,33,35,173,34,36,140,76507],"class_list":["post-163750","post","type-post","status-publish","format-standard","has-post-thumbnail","category-meelelahutus","tag-cannes","tag-ee","tag-eesti","tag-eesti-keel","tag-entertainment","tag-estonia","tag-estonian","tag-meelelahutus","tag-vesna"],"share_on_mastodon":{"url":"https:\/\/pubeurope.com\/@ee\/116475734850476683","error":""},"_links":{"self":[{"href":"https:\/\/www.europesays.com\/ee\/wp-json\/wp\/v2\/posts\/163750","targetHints":{"allow":["GET"]}}],"collection":[{"href":"https:\/\/www.europesays.com\/ee\/wp-json\/wp\/v2\/posts"}],"about":[{"href":"https:\/\/www.europesays.com\/ee\/wp-json\/wp\/v2\/types\/post"}],"author":[{"embeddable":true,"href":"https:\/\/www.europesays.com\/ee\/wp-json\/wp\/v2\/users\/2"}],"replies":[{"embeddable":true,"href":"https:\/\/www.europesays.com\/ee\/wp-json\/wp\/v2\/comments?post=163750"}],"version-history":[{"count":0,"href":"https:\/\/www.europesays.com\/ee\/wp-json\/wp\/v2\/posts\/163750\/revisions"}],"wp:featuredmedia":[{"embeddable":true,"href":"https:\/\/www.europesays.com\/ee\/wp-json\/wp\/v2\/media\/163751"}],"wp:attachment":[{"href":"https:\/\/www.europesays.com\/ee\/wp-json\/wp\/v2\/media?parent=163750"}],"wp:term":[{"taxonomy":"category","embeddable":true,"href":"https:\/\/www.europesays.com\/ee\/wp-json\/wp\/v2\/categories?post=163750"},{"taxonomy":"post_tag","embeddable":true,"href":"https:\/\/www.europesays.com\/ee\/wp-json\/wp\/v2\/tags?post=163750"}],"curies":[{"name":"wp","href":"https:\/\/api.w.org\/{rel}","templated":true}]}}