{"id":163752,"date":"2026-04-27T08:30:08","date_gmt":"2026-04-27T08:30:08","guid":{"rendered":"https:\/\/www.europesays.com\/ee\/163752\/"},"modified":"2026-04-27T08:30:08","modified_gmt":"2026-04-27T08:30:08","slug":"tipphetked-flora-sai-2-minutist-alanud-kaotusseisust-jagu-levadia-lustis-transi-kulul-soccernet-ee","status":"publish","type":"post","link":"https:\/\/www.europesays.com\/ee\/163752\/","title":{"rendered":"Tipphetked: Flora sai 2. minutist alanud kaotusseisust jagu, Levadia lustis Transi kulul &#8211; Soccernet.ee"},"content":{"rendered":"<p><a href=\"https:\/\/soccernet.ee\/fotod\/pl-paide-linnameeskond-tallinna-fc-flora14\" rel=\"nofollow noopener\" target=\"_blank\"><img decoding=\"async\" src=\"https:\/\/www.europesays.com\/ee\/wp-content\/uploads\/2026\/04\/1777221973.jpg\" alt=\"Henri Anieri varajane juhtv\u00e4rav sihile ikkagi ei aidanud. Foto: Liisi Troska \/ jalgpall.ee\"\/><\/a>&#13;\n<\/p>\n<p>Premium liiga esimese ringi l\u00f5petasid Levadia seitse palli Transi v\u00f5rku. Floral \u00f5nnestus varajane kaotusseis v\u00f5iduks m\u00e4ngida.<\/p>\n<p>\u00dcheksanda m\u00e4nguvooru l\u00f5petas Tallinna FCI Levadia ja JK Narva Transi heitlus, mis t\u00f5i kodumeeskonnale lausa seitse v\u00e4ravat. Ladusad r\u00fcnnakud viisid kaks korda sihile Wendelli, Bubacarr Tambedou ja Enock Otoo, kes oli esimest korda edukas kiirelt peale sekkumist. Teise tabamuse naelutas ta kaunilt ristnurka. \u00dche v\u00e4rava lisas Mark Oliver Roosnupp.&#13;\n<\/p>\n<p>&#13;\n<\/p>\n<p>V\u00f5idupunktid ragistas endale ka Tallinna FC Flora, kes j\u00e4i m\u00e4ngus Paide Linnameeskonnaga juba teisel minutil kaotusseisu. Pikast audisisseviskest ja Henri Anieri jalast s\u00fcndinud v\u00e4ravale vastasid Flora poolelt Rauno Sappinen ja Taaniel Usta.&#13;\n<\/p>\n<p>&#13;\n<\/p>\n<p>\u00dcllatustulemuse pakkusid N\u00f5mme Kalju FC ja P\u00e4rnu JK Vaprus, kes m\u00e4ngisid seisule 1:2. K\u00fclaliste avav\u00e4rav s\u00fcndis penaltipunktilt ning minutid hiljem lisas v\u00e4rava ka Kevin Aloe. N\u00f5mmekate au eest hoolitses Bogdan Va\u0161t\u0161ukilt s\u00f6\u00f6du saanud Mihhail Orlov.&#13;\n<\/p>\n<p>&#13;\n<\/p>\n<p>FC N\u00f5mme United l\u00e4ks FC Kuressaare vastu Karl L\u00e4\u00e4nelaidi tabamusest juhtima. Rasmus Saare punasest kaardist hoolimata suutis Kure viigistada, kui nurgal\u00f6\u00f6gi olukorras oli t\u00e4pne Johann Vaherm\u00e4gi. Kohtumise saatus otsustati \u00fcleaja l\u00f5pus penaltist, mille teenis Bruno Vain, kellele tegi vea Rico Piil, ning realiseeris kapten Andre Frolov. N\u00f5mmekatele seega v\u00f5it numbritega 2:1.<\/p>\n<p>&#13;\n<\/p>\n<p>Harju JK Laagrile piisas Tartu JK Tammeka vastu vaid \u00fchest tabamusest. Lahtim\u00e4ngitud karistusl\u00f6\u00f6gi j\u00e4rel l\u00f5i iluv\u00e4rava kapten Andres J\u00e4rve, kes virutas otse \u00f5hust h\u00fcppe pealt palli ristnurka &#8211; 1:0!&#13;<\/p>\n","protected":false},"excerpt":{"rendered":"&#13; Premium liiga esimese ringi l\u00f5petasid Levadia seitse palli Transi v\u00f5rku. Floral \u00f5nnestus varajane kaotusseis v\u00f5iduks m\u00e4ngida. \u00dcheksanda&hellip;\n","protected":false},"author":2,"featured_media":163753,"comment_status":"","ping_status":"","sticky":false,"template":"","format":"standard","meta":{"footnotes":"","_share_on_mastodon":"0"},"categories":[18],"tags":[76065,14419,503,37,33,35,34,36,451,3971,14420,905,502,5082,55944,29594,456,29595,837,1813,167,34740,23184,159,158,701,1728,45179],"class_list":["post-163752","post","type-post","status-publish","format-standard","has-post-thumbnail","category-sport","tag-9-voor","tag-andre-frolov","tag-andres-jarve","tag-ee","tag-eesti","tag-eesti-keel","tag-estonia","tag-estonian","tag-fc-kuressaare","tag-fc-nomme-united","tag-frolov","tag-harju","tag-harju-jk-laagri","tag-jarve","tag-johann-vahermagi","tag-karl-laanelaid","tag-kuressaare","tag-laanelaid","tag-meistriliiga","tag-nomme-united","tag-premium-liiga","tag-rasmus-saar","tag-saar","tag-sport","tag-sports","tag-tammeka","tag-tartu-jk-tammeka","tag-vahermagi"],"share_on_mastodon":{"url":"https:\/\/pubeurope.com\/@ee\/116475738648653325","error":""},"_links":{"self":[{"href":"https:\/\/www.europesays.com\/ee\/wp-json\/wp\/v2\/posts\/163752","targetHints":{"allow":["GET"]}}],"collection":[{"href":"https:\/\/www.europesays.com\/ee\/wp-json\/wp\/v2\/posts"}],"about":[{"href":"https:\/\/www.europesays.com\/ee\/wp-json\/wp\/v2\/types\/post"}],"author":[{"embeddable":true,"href":"https:\/\/www.europesays.com\/ee\/wp-json\/wp\/v2\/users\/2"}],"replies":[{"embeddable":true,"href":"https:\/\/www.europesays.com\/ee\/wp-json\/wp\/v2\/comments?post=163752"}],"version-history":[{"count":0,"href":"https:\/\/www.europesays.com\/ee\/wp-json\/wp\/v2\/posts\/163752\/revisions"}],"wp:featuredmedia":[{"embeddable":true,"href":"https:\/\/www.europesays.com\/ee\/wp-json\/wp\/v2\/media\/163753"}],"wp:attachment":[{"href":"https:\/\/www.europesays.com\/ee\/wp-json\/wp\/v2\/media?parent=163752"}],"wp:term":[{"taxonomy":"category","embeddable":true,"href":"https:\/\/www.europesays.com\/ee\/wp-json\/wp\/v2\/categories?post=163752"},{"taxonomy":"post_tag","embeddable":true,"href":"https:\/\/www.europesays.com\/ee\/wp-json\/wp\/v2\/tags?post=163752"}],"curies":[{"name":"wp","href":"https:\/\/api.w.org\/{rel}","templated":true}]}}