{"id":163797,"date":"2026-04-27T09:13:11","date_gmt":"2026-04-27T09:13:11","guid":{"rendered":"https:\/\/www.europesays.com\/ee\/163797\/"},"modified":"2026-04-27T09:13:11","modified_gmt":"2026-04-27T09:13:11","slug":"koostoo-mida-koik-on-oodanud-uus-pesubrand-raputab-turgu-victorias-secreti-aktsia-langes-enam-kui-neli-protsenti","status":"publish","type":"post","link":"https:\/\/www.europesays.com\/ee\/163797\/","title":{"rendered":"\u201eKoost\u00f6\u00f6, mida k\u00f5ik on oodanud!\u201c Uus pesubr\u00e4nd raputab turgu: Victoria\u2019s Secreti aktsia langes enam kui neli protsenti"},"content":{"rendered":"<p>Luksuspesuturg on viimasel ajal taas kuumenemas \u2013 ja seda mitte ainult moelavadel, vaid ka b\u00f6rsil. Uued tegijad, tugev sotsiaalmeedia m\u00f5ju ja agressiivne turundus on pannud surve alla ka k\u00f5ik senised hiiglased. V\u00e4rskeim n\u00e4ide sellest on n\u00e4itleja Sydney Sweeney pesubr\u00e4nd SYRN, mille \u00fcmber tekkinud elevus m\u00f5jutas otseselt ka konkurentide aktsiahindu.<\/p>\n","protected":false},"excerpt":{"rendered":"Luksuspesuturg on viimasel ajal taas kuumenemas \u2013 ja seda mitte ainult moelavadel, vaid ka b\u00f6rsil. Uued tegijad, tugev&hellip;\n","protected":false},"author":2,"featured_media":163798,"comment_status":"","ping_status":"","sticky":false,"template":"","format":"standard","meta":{"footnotes":"","_share_on_mastodon":"0"},"categories":[16],"tags":[9634,37,33,35,173,34,36,9635,5030,140,5396,2928],"class_list":["post-163797","post","type-post","status-publish","format-standard","has-post-thumbnail","category-meelelahutus","tag-anne-stiil","tag-ee","tag-eesti","tag-eesti-keel","tag-entertainment","tag-estonia","tag-estonian","tag-ilutrendid","tag-karjaar","tag-meelelahutus","tag-mood","tag-suhted"],"share_on_mastodon":{"url":"https:\/\/pubeurope.com\/@ee\/116475907687575366","error":""},"_links":{"self":[{"href":"https:\/\/www.europesays.com\/ee\/wp-json\/wp\/v2\/posts\/163797","targetHints":{"allow":["GET"]}}],"collection":[{"href":"https:\/\/www.europesays.com\/ee\/wp-json\/wp\/v2\/posts"}],"about":[{"href":"https:\/\/www.europesays.com\/ee\/wp-json\/wp\/v2\/types\/post"}],"author":[{"embeddable":true,"href":"https:\/\/www.europesays.com\/ee\/wp-json\/wp\/v2\/users\/2"}],"replies":[{"embeddable":true,"href":"https:\/\/www.europesays.com\/ee\/wp-json\/wp\/v2\/comments?post=163797"}],"version-history":[{"count":0,"href":"https:\/\/www.europesays.com\/ee\/wp-json\/wp\/v2\/posts\/163797\/revisions"}],"wp:featuredmedia":[{"embeddable":true,"href":"https:\/\/www.europesays.com\/ee\/wp-json\/wp\/v2\/media\/163798"}],"wp:attachment":[{"href":"https:\/\/www.europesays.com\/ee\/wp-json\/wp\/v2\/media?parent=163797"}],"wp:term":[{"taxonomy":"category","embeddable":true,"href":"https:\/\/www.europesays.com\/ee\/wp-json\/wp\/v2\/categories?post=163797"},{"taxonomy":"post_tag","embeddable":true,"href":"https:\/\/www.europesays.com\/ee\/wp-json\/wp\/v2\/tags?post=163797"}],"curies":[{"name":"wp","href":"https:\/\/api.w.org\/{rel}","templated":true}]}}