{"id":16386,"date":"2025-10-10T13:40:30","date_gmt":"2025-10-10T13:40:30","guid":{"rendered":"https:\/\/www.europesays.com\/ee\/16386\/"},"modified":"2025-10-10T13:40:30","modified_gmt":"2025-10-10T13:40:30","slug":"selveri-ja-kaubamaja-omanik-tkm-grupp-toidu-kaibemaksu-alandamine-oleks-selge-voit-tarbijale","status":"publish","type":"post","link":"https:\/\/www.europesays.com\/ee\/16386\/","title":{"rendered":"Selveri ja Kaubamaja omanik TKM Grupp: toidu k\u00e4ibemaksu alandamine oleks selge v\u00f5it tarbijale"},"content":{"rendered":"<p>TKM Grupi juhatuse esimees Raul Puusepp t\u00f5i v\u00e4rskeid majandustulemusi kommenteerides v\u00e4lja, et tarbijad on j\u00e4tkuvalt v\u00e4ga hinnatundlikud ning jaeketid peavad marginaalide surve all pidevat kampaaniate v\u00f5itlust. Kuigi ta n\u00e4eb tulevikku uue aasta maksumuudatuste t\u00f5ttu pisut optimistlikumalt, r\u00f5hutas ta vajadust j\u00e4tkata arutelu toidu k\u00e4ibemaksu langetamise \u00fcle.<\/p>\n<p class=\"ng-star-inserted\">\u201eEesti tihedas jaekettide konkurentsis t\u00e4hendaks toidu k\u00e4ibemaksu alandamine selget v\u00f5itu tarbijale ja t\u00f5staks oluliselt inimeste elukvaliteeti ja igap\u00e4evast toimetulekutaset,\u201c s\u00f5nas Puusepp.<\/p>\n<p class=\"ng-star-inserted\">Tema s\u00f5nul on aasta esimesed \u00fcheksa kuud pakkunud rohkelt v\u00e4ljakutseid, mille on tinginud \u00fcldine majanduskeskkonna ebastabiilsus ja tarbijate v\u00e4henenud kindlustunne. Lisaks kritiseeris ta valitsuse segaseid s\u00f5numeid automaksu tuleviku kohta, mis \u00e4ritegevusele kaasa ei aidanud.<\/p>\n<p>Kasum langes, m\u00fc\u00fcgitulu p\u00fcsis napilt plussis<\/p>\n<p class=\"ng-star-inserted\">Puusepa kommentaarid tulid grupi kolmanda kvartali majandustulemuste avaldamise j\u00e4rel, mis peegeldasid keerulist majanduskeskkonda.<\/p>\n<p class=\"ng-star-inserted\">Grupi kolmanda kvartali konsolideeritud m\u00fc\u00fcgitulu kasvas aastatagusega v\u00f5rreldes 1,5%, ulatudes 232,7 miljoni euroni. Samal ajal langes grupi maksueelne kasum 5,7% v\u00f5rra 8,1 miljonile eurole.<\/p>\n<p class=\"ng-star-inserted\">Aasta esimese \u00fcheksa kuu vaates on pilt veelgi keerulisem. M\u00fc\u00fcgitulu on langenud 1,1% 680,4 miljonile eurole, kuid maksueelne kasum on kahanenud lausa 28,1%, olles 16,0 miljonit eurot. See viitab tugevale survele kasumlikkusele.<\/p>\n<p>S\u00e4ras kinnisvara, raskustes turva\u00e4ri<\/p>\n<p class=\"ng-star-inserted\">Segmentide l\u00f5ikes n\u00e4itasid tulemused erinevat pilti:<\/p>\n<ul>\n<li>\n<p class=\"ng-star-inserted\">Supermarketite (Selver, Delice) m\u00fc\u00fcgitulu oli 150,9 miljonit eurot (kasv 0,9%), kuid maksueelne kasum langes 0,6 miljoni euro v\u00f5rra, ulatudes 4,7 miljoni euroni.<\/p>\n<\/li>\n<li>\n<p class=\"ng-star-inserted\">Kaubamajade m\u00fc\u00fcgitulu kasvas 3,8%, j\u00f5udes 22,4 miljoni euroni, ning segmendi maksueelne kahjum v\u00e4henes veidi, olles 1,0 miljonit eurot. Samas j\u00e4tkas langust ilutoodete kett I.L.U.<\/p>\n<\/li>\n<li>\n<p class=\"ng-star-inserted\">Autokaubanduse m\u00fc\u00fcgitulu oli 52,7 miljonit eurot (kasv 4,1%), ent segmendi maksueelne kasum langes 0,7 miljoni euro v\u00f5rra 2,5 miljonile eurole.<\/p>\n<\/li>\n<li>\n<p class=\"ng-star-inserted\">Turvasegmendi m\u00fc\u00fcgitulu langes m\u00e4rkimisv\u00e4\u00e4rselt 15,4%, j\u00e4\u00e4des 4,8 miljonile eurole, ning maksueelne kasum kahanes 0,2 miljoni euro v\u00f5rra, olles vaid 0,2 miljonit eurot.<\/p>\n<\/li>\n<li>\n<p class=\"ng-star-inserted\">Grupi edukaimaks osutus kinnisvarasegment, mille grupiv\u00e4line m\u00fc\u00fcgitulu oli 1,9 miljonit eurot (kasv 12,1%) ning maksueelne kasum kasvas lausa 45,4%, ulatudes 2,4 miljoni euroni.<\/p>\n<\/li>\n<\/ul>\n<p class=\"ng-star-inserted\">Vaatamata keerulistele aegadele investeerib grupp tulevikku. K\u00e4imas on J\u00f5geva Selveri uuendamine ning plaanis on laiendada Laulasmaa Selverit. Hiljemalt 2027. aastal avatakse uus Papiniidu Selver P\u00e4rnus. Autosegmendis on valmimas uus esindus Vilniuses. Ettev\u00f5tte s\u00f5nul p\u00fcsib ka klientide lojaalsus k\u00f5rge \u2013 kehtivate Partnerkaartide arv \u00fcletas septembri l\u00f5puks 750 000 piiri.<\/p>\n<p>    Kuidas see lugu Sind end tundma pani?<br \/>\n        Saada<br \/>\n           <a href=\"https:\/\/arileht.delfi.ee\/artikkel\/120409300\/selveri-ja-kaubamaja-omanik-tkm-grupp-toidu-kaibemaksu-alandamine-oleks-selge-voit-tarbijale\/kommentaarid\" class=\"article-body-bottom__comment article-body-bottom__comment--write button button--primary button--size-auto\" rel=\"nofollow noopener\" target=\"_blank\"><br \/>\n        Kommenteeri<br \/>\n       <\/a> <a href=\"https:\/\/arileht.delfi.ee\/artikkel\/120409300\/selveri-ja-kaubamaja-omanik-tkm-grupp-toidu-kaibemaksu-alandamine-oleks-selge-voit-tarbijale\/kommentaarid\" class=\"article-body-bottom__comment article-body-bottom__comment--read button button--size-auto\" rel=\"nofollow noopener\" target=\"_blank\"><br \/>\n        Loe kommentaare (49) <\/a>  <\/p>\n","protected":false},"excerpt":{"rendered":"TKM Grupi juhatuse esimees Raul Puusepp t\u00f5i v\u00e4rskeid majandustulemusi kommenteerides v\u00e4lja, et tarbijad on j\u00e4tkuvalt v\u00e4ga hinnatundlikud ning&hellip;\n","protected":false},"author":2,"featured_media":16387,"comment_status":"","ping_status":"","sticky":false,"template":"","format":"standard","meta":{"footnotes":""},"categories":[14],"tags":[131,130,37,33,35,34,36,10259,9675,8574],"class_list":{"0":"post-16386","1":"post","2":"type-post","3":"status-publish","4":"format-standard","5":"has-post-thumbnail","7":"category-ari","8":"tag-ari","9":"tag-business","10":"tag-ee","11":"tag-eesti","12":"tag-eesti-keel","13":"tag-estonia","14":"tag-estonian","15":"tag-kaubamaja","16":"tag-raul-puusepp","17":"tag-selver"},"share_on_mastodon":{"url":"","error":""},"_links":{"self":[{"href":"https:\/\/www.europesays.com\/ee\/wp-json\/wp\/v2\/posts\/16386","targetHints":{"allow":["GET"]}}],"collection":[{"href":"https:\/\/www.europesays.com\/ee\/wp-json\/wp\/v2\/posts"}],"about":[{"href":"https:\/\/www.europesays.com\/ee\/wp-json\/wp\/v2\/types\/post"}],"author":[{"embeddable":true,"href":"https:\/\/www.europesays.com\/ee\/wp-json\/wp\/v2\/users\/2"}],"replies":[{"embeddable":true,"href":"https:\/\/www.europesays.com\/ee\/wp-json\/wp\/v2\/comments?post=16386"}],"version-history":[{"count":0,"href":"https:\/\/www.europesays.com\/ee\/wp-json\/wp\/v2\/posts\/16386\/revisions"}],"wp:featuredmedia":[{"embeddable":true,"href":"https:\/\/www.europesays.com\/ee\/wp-json\/wp\/v2\/media\/16387"}],"wp:attachment":[{"href":"https:\/\/www.europesays.com\/ee\/wp-json\/wp\/v2\/media?parent=16386"}],"wp:term":[{"taxonomy":"category","embeddable":true,"href":"https:\/\/www.europesays.com\/ee\/wp-json\/wp\/v2\/categories?post=16386"},{"taxonomy":"post_tag","embeddable":true,"href":"https:\/\/www.europesays.com\/ee\/wp-json\/wp\/v2\/tags?post=16386"}],"curies":[{"name":"wp","href":"https:\/\/api.w.org\/{rel}","templated":true}]}}