{"id":163957,"date":"2026-04-27T12:31:08","date_gmt":"2026-04-27T12:31:08","guid":{"rendered":"https:\/\/www.europesays.com\/ee\/163957\/"},"modified":"2026-04-27T12:31:08","modified_gmt":"2026-04-27T12:31:08","slug":"arvustus-voib-aru-saada-kull-miks-lust-kurvastab-kui-ta-efta-kutset-ei-saa","status":"publish","type":"post","link":"https:\/\/www.europesays.com\/ee\/163957\/","title":{"rendered":"ARVUSTUS | V\u00f5ib aru saada k\u00fcll, miks Lust kurvastab, kui ta EFTA kutset ei saa"},"content":{"rendered":"<p>M\u00f6\u00f6dunud reedel toimus k\u00fcmnendat korda Eesti Filmi Instituudi peakorraldatav Eesti filmi- ja teleauhindade (EFTA) gala. Pealtn\u00e4ha v\u00e4ga glamuurne, tundek\u00fcllane \u2013 k\u00f5ik nii, nagu peab. Aga kui muude preemiatega kaasneb peale au ja kuulsuse ja v\u00e4ikse kujukese ka muu hea ja parem, siis EFTA puhul tekib k\u00fcsimus, kas sellest t\u00f5useb ka mingit muud tulu kui vaid tugev k\u00e4esurumine ja \u00f5lalepatsutused.<\/p>\n","protected":false},"excerpt":{"rendered":"M\u00f6\u00f6dunud reedel toimus k\u00fcmnendat korda Eesti Filmi Instituudi peakorraldatav Eesti filmi- ja teleauhindade (EFTA) gala. Pealtn\u00e4ha v\u00e4ga glamuurne,&hellip;\n","protected":false},"author":2,"featured_media":163958,"comment_status":"","ping_status":"","sticky":false,"template":"","format":"standard","meta":{"footnotes":"","_share_on_mastodon":"0"},"categories":[16],"tags":[37,33,17603,35,75598,173,34,36,140,22637,2993],"class_list":["post-163957","post","type-post","status-publish","format-standard","has-post-thumbnail","category-meelelahutus","tag-ee","tag-eesti","tag-eesti-filmi-instituut","tag-eesti-keel","tag-eftad","tag-entertainment","tag-estonia","tag-estonian","tag-meelelahutus","tag-reet-linna","tag-tonis-niinemets"],"share_on_mastodon":{"url":"https:\/\/pubeurope.com\/@ee\/116476686079606568","error":""},"_links":{"self":[{"href":"https:\/\/www.europesays.com\/ee\/wp-json\/wp\/v2\/posts\/163957","targetHints":{"allow":["GET"]}}],"collection":[{"href":"https:\/\/www.europesays.com\/ee\/wp-json\/wp\/v2\/posts"}],"about":[{"href":"https:\/\/www.europesays.com\/ee\/wp-json\/wp\/v2\/types\/post"}],"author":[{"embeddable":true,"href":"https:\/\/www.europesays.com\/ee\/wp-json\/wp\/v2\/users\/2"}],"replies":[{"embeddable":true,"href":"https:\/\/www.europesays.com\/ee\/wp-json\/wp\/v2\/comments?post=163957"}],"version-history":[{"count":0,"href":"https:\/\/www.europesays.com\/ee\/wp-json\/wp\/v2\/posts\/163957\/revisions"}],"wp:featuredmedia":[{"embeddable":true,"href":"https:\/\/www.europesays.com\/ee\/wp-json\/wp\/v2\/media\/163958"}],"wp:attachment":[{"href":"https:\/\/www.europesays.com\/ee\/wp-json\/wp\/v2\/media?parent=163957"}],"wp:term":[{"taxonomy":"category","embeddable":true,"href":"https:\/\/www.europesays.com\/ee\/wp-json\/wp\/v2\/categories?post=163957"},{"taxonomy":"post_tag","embeddable":true,"href":"https:\/\/www.europesays.com\/ee\/wp-json\/wp\/v2\/tags?post=163957"}],"curies":[{"name":"wp","href":"https:\/\/api.w.org\/{rel}","templated":true}]}}