{"id":164083,"date":"2026-04-27T14:38:28","date_gmt":"2026-04-27T14:38:28","guid":{"rendered":"https:\/\/www.europesays.com\/ee\/164083\/"},"modified":"2026-04-27T14:38:28","modified_gmt":"2026-04-27T14:38:28","slug":"aloe-ja-perk-noustuvad-premium-liiga-on-tanavu-tohutult-tasavagine-soccernet-ee","status":"publish","type":"post","link":"https:\/\/www.europesays.com\/ee\/164083\/","title":{"rendered":"Aloe ja Perk n\u00f5ustuvad: Premium liiga on t\u00e4navu tohutult tasav\u00e4gine! &#8211; Soccernet.ee"},"content":{"rendered":"<p><a href=\"https:\/\/soccernet.ee\/fotod\/pl-nomme-kalju-fc-parnu-jk-vaprus8\" rel=\"nofollow noopener\" target=\"_blank\"><img decoding=\"async\" src=\"https:\/\/www.europesays.com\/ee\/wp-content\/uploads\/2026\/04\/1777236543.jpg\" alt=\"Kevin Aloe l\u00f5i Vapruse v\u00f5iduv\u00e4rava. Foto: Janek Eslon\"\/><\/a>&#13;\n<\/p>\n<p>Premium liiga 9. voorus sai magusa v\u00f5idu P\u00e4rnu Vaprus, kes alistas Henri V\u00e4lja ja Kevin Aloe tabamustest N\u00f5mme Kalju v\u00f5\u00f5rsil 2:1. P\u00e4rnakate v\u00f5iduv\u00e4rava autor Aloe s\u00e4ras l\u00f5puvile j\u00e4rel m\u00f5istagi kui tutikas j\u00f5ulukaunistus.<\/p>\n<p>&#8220;V\u00e4ga hea emotsioon! Nende f\u00e4nnide ees vastane Hiiul kotti panna &#8211; see on v\u00e4ga hea tunne!&#8221;&#13;\n<\/p>\n<p>Vapruse jaoks oli tegu hooaja kolmanda v\u00f5iduga. Avavoorus Paidest jagu saanud p\u00e4rnakad tegid seej\u00e4rel l\u00e4bi madalseisu, mille m\u00e4rgiks oli 1:7 kaotus N\u00f5mme Unitedile, kuid esimene ring l\u00f5petati j\u00e4rjestikuste v\u00f5itudega Kuressaare ja Kalju \u00fcle.&#13;\n<\/p>\n<p>&#8220;P\u00e4rast Unitedi m\u00e4ngu tegime restardi ja oleme selle duhhi tagasi saanud, mis meile sobib,&#8221; j\u00e4tkas Aloe. &#8220;Selge see, et Kalju oli t\u00e4na favoriit ja meie m\u00e4ngisime kaitsest l\u00e4htuvalt. Teadsime, et kui endal momendid tekivad, siis peame need \u00e4ra l\u00f6\u00f6ma ja kaitses k\u00f5vasti rabama. T\u00e4na nautisid k\u00f5ik kaitsem\u00e4ngu ja see oligi v\u00f5idu v\u00f5ti. Bussis paneme muusika m\u00e4ngima ja s\u00f5idame P\u00e4rnusse!&#8221;<\/p>\n<p>Enda v\u00e4rava puhul sai v\u00e4lja tuua, et tegu oli kogenud mehe lahendusega &#8211; kastis palli saades tegi Aloe v\u00e4ikese pausi, enne kui v\u00f5rgu sahisema pani. &#8220;M\u00f5tlesin alguses, et l\u00e4hen \u00e4kki \u00fchega panema, aga v\u00f5tsin kogemuse pealt \u00fche puute lisaks ja t\u00f5mbasin v\u00f5rku \u00e4ra,&#8221; naeratas vasakkaitsja.&#13;\n<\/p>\n<p>Vapruse esimese ringi saldoks tabelis on k\u00fcmme punkti. &#8220;Alustasime ju h\u00e4sti, aga siis tekkis suur m\u00f5\u00f5n, millest tegime \u00f5iged j\u00e4reldused. N\u00fc\u00fcd tuleb m\u00e4ng-m\u00e4ngult paremaks minna. Sel aastal on Premium liiga p\u00e4ris tasav\u00e4gine, autsaiderit pole ja k\u00f5ik suudavad k\u00f5igiga m\u00e4ngida, kogu aeg peab t\u00e4ies fookuses olema.&#8221;&#13;\n<\/p>\n<p>Kalju v\u00e4ravavaht Henri Perk sai kirja alles oma teise kaotuse p\u00e4rast seda, kui ta eelmise suve l\u00f5pus pikalt vigastuspausilt naasis.\u00a0&#8220;Vastast me ei alahinnanud, tuleme iga m\u00e4ngu samamoodi m\u00e4ngima. Nad said kaks korda jooksu ja l\u00f5id kaks t\u00fckki \u00e4ra, p\u00e4rast mida seisid nad kaitses h\u00e4sti. Tekitasime v\u00f5imalusi k\u00fcll, aga t\u00e4na kiitus P\u00e4rnule,&#8221; tunnustas Perk vastaseid.&#13;\n<\/p>\n<p>Kalju peatreener Nikita Andrejev paistis m\u00e4ngu v\u00e4ltel silma oma meeskonna suhtes k\u00f5va kriitikaga. 0:2 v\u00e4rava j\u00e4rel tegi ta vaid pooletunnise m\u00e4ngu j\u00e4rel koguni taktikalise topeltvahetuse.\u00a0&#8220;Oli vaja m\u00e4ngu natuke \u00fcles \u00e4ratada, sellised olid treeneri otsused. Minu meelest midagi nii hullu ei olnud, ilmselgelt ei taha me neid niimoodi jooksma lasta, aga tegelikult oli meil ka esimesel poolajal v\u00f5imalusi, teisel veelgi rohkem. Midagi selle taha ei j\u00e4\u00e4nud, aga t\u00e4na l\u00e4ks nii,&#8221; m\u00e4rkis perk.<\/p>\n<p>K\u00fcsimus, kas vaheajajutud olid Kalju riietusruumis elavad, v\u00f5ttis v\u00e4ravavahi muigama. &#8220;See oli elav,&#8221; naeratas Perk salakavalalt. &#8220;Siia polegi midagi lisada.&#8221;&#13;\n<\/p>\n<p>Kuna samal ajal kaotas Paide Linnameeskond FC Florale, j\u00e4i Kalju v\u00e4hemalt m\u00f5neks tunniks tabeliliidriks. \u00dcldiselt t\u00f5des aga ka Perk, et Premium liiga supp on sel aastal eriti \u00fchtlane. &#8220;See ei t\u00e4henda, et midagi kuidagi lihtsam oleks. Iga punkti nimel tuleb v\u00f5idelda. T\u00e4na oleks ka punkt v\u00f5i kolm v\u00e4ga aidanud!&#8221;&#13;\n<\/p>\n<p>Kaotusest hoolimata on Kalju hooaja algus tema s\u00f5nul olnud v\u00e4ga positiivne. &#8220;Eelk\u00f5ige on oluline see, et m\u00e4ngupilt sujub. Selliseid asju ei tohiks, aga v\u00f5ib ette tulla, aga \u00f5nneks m\u00e4ngupilt sujub. Selle taha pole vaja pugeda.&#8221;<\/p>\n","protected":false},"excerpt":{"rendered":"&#13; Premium liiga 9. voorus sai magusa v\u00f5idu P\u00e4rnu Vaprus, kes alistas Henri V\u00e4lja ja Kevin Aloe tabamustest&hellip;\n","protected":false},"author":2,"featured_media":164084,"comment_status":"","ping_status":"","sticky":false,"template":"","format":"standard","meta":{"footnotes":"","_share_on_mastodon":"0"},"categories":[5],"tags":[26,27,37,33,35,34,36,31,32,21,1724,1357,28,29,19,1359,1550,1620,1621,1727,25,167,23,24,22,20,1622,30],"class_list":["post-164083","post","type-post","status-publish","format-standard","has-post-thumbnail","category-uldised-uudised","tag-breaking-news","tag-breakingnews","tag-ee","tag-eesti","tag-eesti-keel","tag-estonia","tag-estonian","tag-featured-news","tag-featurednews","tag-headlines","tag-henri-perk","tag-kalju","tag-latest-news","tag-latestnews","tag-news","tag-nomme-kalju","tag-nomme-kalju-fc","tag-parnu-jk-vaprus","tag-parnu-vaprus","tag-perk","tag-populaarseimad-lood","tag-premium-liiga","tag-top-stories","tag-topstories","tag-uldised-uudised","tag-uudised","tag-vaprus","tag-viimased-uudised"],"share_on_mastodon":{"url":"https:\/\/pubeurope.com\/@ee\/116477185708901324","error":""},"_links":{"self":[{"href":"https:\/\/www.europesays.com\/ee\/wp-json\/wp\/v2\/posts\/164083","targetHints":{"allow":["GET"]}}],"collection":[{"href":"https:\/\/www.europesays.com\/ee\/wp-json\/wp\/v2\/posts"}],"about":[{"href":"https:\/\/www.europesays.com\/ee\/wp-json\/wp\/v2\/types\/post"}],"author":[{"embeddable":true,"href":"https:\/\/www.europesays.com\/ee\/wp-json\/wp\/v2\/users\/2"}],"replies":[{"embeddable":true,"href":"https:\/\/www.europesays.com\/ee\/wp-json\/wp\/v2\/comments?post=164083"}],"version-history":[{"count":0,"href":"https:\/\/www.europesays.com\/ee\/wp-json\/wp\/v2\/posts\/164083\/revisions"}],"wp:featuredmedia":[{"embeddable":true,"href":"https:\/\/www.europesays.com\/ee\/wp-json\/wp\/v2\/media\/164084"}],"wp:attachment":[{"href":"https:\/\/www.europesays.com\/ee\/wp-json\/wp\/v2\/media?parent=164083"}],"wp:term":[{"taxonomy":"category","embeddable":true,"href":"https:\/\/www.europesays.com\/ee\/wp-json\/wp\/v2\/categories?post=164083"},{"taxonomy":"post_tag","embeddable":true,"href":"https:\/\/www.europesays.com\/ee\/wp-json\/wp\/v2\/tags?post=164083"}],"curies":[{"name":"wp","href":"https:\/\/api.w.org\/{rel}","templated":true}]}}