{"id":164236,"date":"2026-04-27T18:18:09","date_gmt":"2026-04-27T18:18:09","guid":{"rendered":"https:\/\/www.europesays.com\/ee\/164236\/"},"modified":"2026-04-27T18:18:09","modified_gmt":"2026-04-27T18:18:09","slug":"ulevaade-hakkimisrunnak-saksa-poliitikute-vastu-kuulutab-loppu-euroopa-ametnike-signali-suhtlusele-maailm-postimees-ee","status":"publish","type":"post","link":"https:\/\/www.europesays.com\/ee\/164236\/","title":{"rendered":"\u00dcLEVAADE H\u00e4kkimisr\u00fcnnak Saksa poliitikute vastu kuulutab l\u00f5ppu Euroopa ametnike Signali-suhtlusele &#8211; Maailm &#8211; Postimees.ee"},"content":{"rendered":"<ol>\n<li><a href=\"https:\/\/news.google.com\/rss\/articles\/CBMizwFBVV95cUxQY1FNUlFOVWNNenE1c2ZvWjctMlV5NDRmcjIzOXJScGVZSmFSQ1QwR3lwc2xRU21URk1faVE0RTB0NUtFTFlFTnN1OVg3M1lyU2lXdmtkR0tzcXlSTFdUWENDd1d6TW52QVdUelFjd1NOSFlrTkpKU3BkZ1k2cmpsZDBfRm9ZOUNaUXZxSnpzSURhWVFyQTU0VnNPb1pUWXlROFp1RURMX2d1OTBPNXN5dXR3V29hZ3JVRV9aV2J3YVB6cFBaOFhnNFdRYUNiQWc?oc=5\" target=\"_blank\" rel=\"nofollow noopener\">\u00dcLEVAADE H\u00e4kkimisr\u00fcnnak Saksa poliitikute vastu kuulutab l\u00f5ppu Euroopa ametnike Signali-suhtlusele<\/a>&nbsp;&nbsp;Maailm &#8211; Postimees.ee<\/li>\n<li><a href=\"https:\/\/news.google.com\/rss\/articles\/CBMirwFBVV95cUxPTkxFUGJaM3JueU1zazZHU2NKdTUtNzNKSXd6bENUdGpsZFJSR0xqUFUzTjgtSTJCaHMtV2FlYlY0OEdSTUZxT2h0Z0RjN3R1NGFMS0FkTE8wTF9QMjRwanA4ZkVWaUYybGp6bU1OQm5OUl9OT29WMDlQSkZ4MkI2YXBVVy16SkFmaXhwbEE4b2phTDN1eE1ycG9BU2c5allER2NqUmUtUGxMbEJiSUFr?oc=5\" target=\"_blank\" rel=\"nofollow noopener\">Saksamaa kahtlustab Venemaad teiste riikide juhtide j\u00e4rele luuramises \u00fcle maailma<\/a>&nbsp;&nbsp;eestinen.fi<\/li>\n<li><a href=\"https:\/\/news.google.com\/rss\/articles\/CBMiP0FVX3lxTE9XUG9JYVNGWXdHTkQ5V2ozUTdrZ192UjlGRUM3RkR6V3V3azR0by00QkN4YkNpcW1SSm9BSjhodw?oc=5\" target=\"_blank\" rel=\"nofollow noopener\">Klient s\u00fc\u00fcdistas populaarset e-poodi Sneak v\u00f5ltstoodangu m\u00fc\u00fcmises. Ettev\u00f5te: tipus ongi raske olla<\/a>&nbsp;&nbsp;Uudis.net<\/li>\n<\/ol>\n","protected":false},"excerpt":{"rendered":"\u00dcLEVAADE H\u00e4kkimisr\u00fcnnak Saksa poliitikute vastu kuulutab l\u00f5ppu Euroopa ametnike Signali-suhtlusele&nbsp;&nbsp;Maailm &#8211; Postimees.ee Saksamaa kahtlustab Venemaad teiste riikide juhtide&hellip;\n","protected":false},"author":2,"featured_media":164237,"comment_status":"","ping_status":"","sticky":false,"template":"","format":"standard","meta":{"footnotes":"","_share_on_mastodon":"0"},"categories":[5],"tags":[76801,31433,26,27,37,33,35,34,36,31,32,1142,21,76805,28,29,19,25,76804,76803,76802,23,24,22,20,70075,76806,76807,30],"class_list":["post-164236","post","type-post","status-publish","format-standard","has-post-thumbnail","category-uldised-uudised","tag-andmepuuk-signalis","tag-bfv","tag-breaking-news","tag-breakingnews","tag-ee","tag-eesti","tag-eesti-keel","tag-estonia","tag-estonian","tag-featured-news","tag-featurednews","tag-friedrich-merz","tag-headlines","tag-julia-klockner","tag-latest-news","tag-latestnews","tag-news","tag-populaarseimad-lood","tag-saksamaa-liidupaev","tag-signal-sonumirakendus","tag-signali-turvalisus","tag-top-stories","tag-topstories","tag-uldised-uudised","tag-uudised","tag-vene-hakkerid","tag-venemaa-kuberoht","tag-venemaa-mojutustegevus-euroopas","tag-viimased-uudised"],"share_on_mastodon":{"url":"","error":"Validation failed: Text character limit of 500 exceeded"},"_links":{"self":[{"href":"https:\/\/www.europesays.com\/ee\/wp-json\/wp\/v2\/posts\/164236","targetHints":{"allow":["GET"]}}],"collection":[{"href":"https:\/\/www.europesays.com\/ee\/wp-json\/wp\/v2\/posts"}],"about":[{"href":"https:\/\/www.europesays.com\/ee\/wp-json\/wp\/v2\/types\/post"}],"author":[{"embeddable":true,"href":"https:\/\/www.europesays.com\/ee\/wp-json\/wp\/v2\/users\/2"}],"replies":[{"embeddable":true,"href":"https:\/\/www.europesays.com\/ee\/wp-json\/wp\/v2\/comments?post=164236"}],"version-history":[{"count":0,"href":"https:\/\/www.europesays.com\/ee\/wp-json\/wp\/v2\/posts\/164236\/revisions"}],"wp:featuredmedia":[{"embeddable":true,"href":"https:\/\/www.europesays.com\/ee\/wp-json\/wp\/v2\/media\/164237"}],"wp:attachment":[{"href":"https:\/\/www.europesays.com\/ee\/wp-json\/wp\/v2\/media?parent=164236"}],"wp:term":[{"taxonomy":"category","embeddable":true,"href":"https:\/\/www.europesays.com\/ee\/wp-json\/wp\/v2\/categories?post=164236"},{"taxonomy":"post_tag","embeddable":true,"href":"https:\/\/www.europesays.com\/ee\/wp-json\/wp\/v2\/tags?post=164236"}],"curies":[{"name":"wp","href":"https:\/\/api.w.org\/{rel}","templated":true}]}}