{"id":164267,"date":"2026-04-27T18:57:07","date_gmt":"2026-04-27T18:57:07","guid":{"rendered":"https:\/\/www.europesays.com\/ee\/164267\/"},"modified":"2026-04-27T18:57:07","modified_gmt":"2026-04-27T18:57:07","slug":"fotod-palju-onne-ingrid-mand-lopetas-kooli-ja-omandas-uue-ameti","status":"publish","type":"post","link":"https:\/\/www.europesays.com\/ee\/164267\/","title":{"rendered":"FOTOD | Palju \u00f5nne! Ingrid M\u00e4nd l\u00f5petas kooli ja omandas uue ameti"},"content":{"rendered":"<p>Ingrid avaldas Instagramis, et l\u00e4ks 1,5 aastat tagasi Annely Sootsi koolituse tervisekooli, et veel \u00fcks eriala juurde \u00f5ppida, ent enne, kui tunnistus k\u00e4es, ei soovinud ta sellest k\u00f5va h\u00e4\u00e4lega r\u00e4\u00e4kida. \u201eN\u00fc\u00fcd saan seda teha ja uhkelt \u00f6elda, et peale kosmeetiku eriala olen omandanud ka toitumisn\u00f5ustaja oma,\u201c r\u00f5\u00f5mustas ta.<\/p>\n<p>Alguses soovis Ingrid toitumisn\u00f5ustajaks \u00f5ppida eesm\u00e4rgiga m\u00f5ista veel paremini ja s\u00fcvitsi toitumise m\u00f5ju nahale. \u201eIkka selleks, et kosmeetikuna enda kliente detailsemalt naha hooldamisel juhendada oskaksin. Plaan oligi vaid sellega piirduda,\u201c selgitas ta ning lisas, et \u00f5pingute k\u00e4igus juhtus aga nii, et toitumisn\u00f5ustamine hakkas talle ka eraldiseisva ametina aina rohkem meeldima.<\/p>\n<p>\u201eLisaks \u00fcllatas mind, kui v\u00e4he inimesed tegelikult toitumisest teavad (ma teadsin, et v\u00e4he, aga et kohe nii v\u00e4he&#8230;). Ja samas n\u00e4en ka seda, kui palju tegelikult tahetakse teada, aga lihtsalt ei osata otsida \u00f5igeid allikaid ja spetsialiste, et end harida. Kui algselt arvasin, et sellel erialal ma eraldi t\u00f6\u00f6le ei hakka, siis n\u00fc\u00fcdseks olen vist \u00fcmber m\u00f5elnud,\u201c m\u00f5tiskles Ingrid.<\/p>\n<p>Kosmeetikut\u00f6\u00f6d teeb Ingrid edasi p\u00f5hit\u00f6\u00f6na, aga praegu kombineerib ta sinna juurde ka n\u00f5ustamised. \u201eTulevikuks on suuremaid plaane, millest r\u00e4\u00e4gin siis, kui aeg on k\u00e4es,\u201c salap\u00e4ratses ta.<\/p>\n<p>Kuidas see lugu Sind end tundma pani? Saada <a href=\"https:\/\/kroonika.delfi.ee\/artikkel\/120571535\/fotod-palju-onne-ingrid-mand-lopetas-kooli-ja-omandas-uue-ameti\/kommentaarid\" class=\"article-body-bottom__comment article-body-bottom__comment--write button button--primary button--size-auto\" rel=\"nofollow noopener\" target=\"_blank\"> Kommenteeri <\/a><a href=\"https:\/\/kroonika.delfi.ee\/artikkel\/120571535\/fotod-palju-onne-ingrid-mand-lopetas-kooli-ja-omandas-uue-ameti\/kommentaarid\" class=\"article-body-bottom__comment article-body-bottom__comment--read button button--size-auto\" rel=\"nofollow noopener\" target=\"_blank\"> Loe kommentaare (3)<\/a><\/p>\n","protected":false},"excerpt":{"rendered":"Ingrid avaldas Instagramis, et l\u00e4ks 1,5 aastat tagasi Annely Sootsi koolituse tervisekooli, et veel \u00fcks eriala juurde \u00f5ppida,&hellip;\n","protected":false},"author":2,"featured_media":164268,"comment_status":"","ping_status":"","sticky":false,"template":"","format":"standard","meta":{"footnotes":"","_share_on_mastodon":"0"},"categories":[16],"tags":[37,33,35,173,34,36,774,140],"class_list":["post-164267","post","type-post","status-publish","format-standard","has-post-thumbnail","category-meelelahutus","tag-ee","tag-eesti","tag-eesti-keel","tag-entertainment","tag-estonia","tag-estonian","tag-ingrid-mand","tag-meelelahutus"],"share_on_mastodon":{"url":"https:\/\/pubeurope.com\/@ee\/116478203850095748","error":""},"_links":{"self":[{"href":"https:\/\/www.europesays.com\/ee\/wp-json\/wp\/v2\/posts\/164267","targetHints":{"allow":["GET"]}}],"collection":[{"href":"https:\/\/www.europesays.com\/ee\/wp-json\/wp\/v2\/posts"}],"about":[{"href":"https:\/\/www.europesays.com\/ee\/wp-json\/wp\/v2\/types\/post"}],"author":[{"embeddable":true,"href":"https:\/\/www.europesays.com\/ee\/wp-json\/wp\/v2\/users\/2"}],"replies":[{"embeddable":true,"href":"https:\/\/www.europesays.com\/ee\/wp-json\/wp\/v2\/comments?post=164267"}],"version-history":[{"count":0,"href":"https:\/\/www.europesays.com\/ee\/wp-json\/wp\/v2\/posts\/164267\/revisions"}],"wp:featuredmedia":[{"embeddable":true,"href":"https:\/\/www.europesays.com\/ee\/wp-json\/wp\/v2\/media\/164268"}],"wp:attachment":[{"href":"https:\/\/www.europesays.com\/ee\/wp-json\/wp\/v2\/media?parent=164267"}],"wp:term":[{"taxonomy":"category","embeddable":true,"href":"https:\/\/www.europesays.com\/ee\/wp-json\/wp\/v2\/categories?post=164267"},{"taxonomy":"post_tag","embeddable":true,"href":"https:\/\/www.europesays.com\/ee\/wp-json\/wp\/v2\/tags?post=164267"}],"curies":[{"name":"wp","href":"https:\/\/api.w.org\/{rel}","templated":true}]}}