{"id":164287,"date":"2026-04-27T19:23:09","date_gmt":"2026-04-27T19:23:09","guid":{"rendered":"https:\/\/www.europesays.com\/ee\/164287\/"},"modified":"2026-04-27T19:23:09","modified_gmt":"2026-04-27T19:23:09","slug":"tehisintellekt-on-votnud-tolkijatelt-too-eesti","status":"publish","type":"post","link":"https:\/\/www.europesays.com\/ee\/164287\/","title":{"rendered":"Tehisintellekt on v\u00f5tnud t\u00f5lkijatelt t\u00f6\u00f6 | Eesti"},"content":{"rendered":"<p>Tehisaru \u00fcha laialdasema kasutuse t\u00f5ttu r\u00e4\u00e4gitakse ikka, et t\u00f6\u00f6turul v\u00f5ib m\u00f5ni amet muutuda \u00fcleliigseks. Juba praegu on v\u00e4henenud vajadus t\u00f5lkijate j\u00e4rele, kelle t\u00f6\u00f6 iseloom on tehnoloogia arenguga tundmatuseni muutunud.<\/p>\n<p>36 aastat tagasi \u00f5petas frankofiil Lauri Leesi eestlastele teleri vahendusel prantsuse keelt. T\u00f5lkijad r\u00f5\u00f5mustasid toona: kui keeli oskad, siis h\u00e4tta ei j\u00e4\u00e4. N\u00fc\u00fcd on olemas tehisintellekt ja t\u00f5lkijaid on t\u00f6\u00f6turul \u00fcle.<\/p>\n<p>&#8220;Kindlasti on \u00fcle ja kindlasti on inimesi, kes juba m\u00f5tlevad, et kas nad peavad oma profiili hakkama muutma, \u00fcmber \u00f5ppima v\u00f5i on v\u00e4hem t\u00f6\u00f6d v\u00f5i on pidanud oma t\u00e4iskohaga majasisese t\u00f5lkija t\u00f6\u00f6st loobuma ning teevad vabakutselist t\u00f6\u00f6d. See tendents on praegu v\u00e4ga selge,&#8221; lausus TL\u00dc kirjaliku t\u00f5lke lektor Triin van Doorslaer.<\/p>\n<p>Hinnanguliselt teenib Eestis t\u00f5lkimisega leiba paar tuhat inimest. Keskmine t\u00f5lkija on Tartu \u00dclikooli uuringu (2021) andmetel filoloogia k\u00f5rgharidusega 36-50-aastane naine, kellel on t\u00f6\u00f6kogemust \u00fcle 20 aasta. Tehisaru on t\u00f6\u00f6 iseloomu palju muutnud. Ellu j\u00e4\u00e4vad need, kes on spetsialiseerunud, n\u00e4iteks meditsiini v\u00f5i tehnoloogia valdkonda.<\/p>\n<p>&#8220;Kui varem oli t\u00f5lkija tekstilooja, siis n\u00fc\u00fcd on ta masint\u00f5lke j\u00e4reltoimetaja. Ta peab leidma tekstist \u00fcles vead, ta peab \u00fcles leidma kirjavead, kontekstivead. \u00dches\u00f5naga, ta peab selle teksti tegema loogiliseks, ilusaks,&#8221; \u00fctles Luisa Keelelahendused projektijuht Nele Nikopensius.<\/p>\n<p>Kuigi t\u00f6\u00f6maht sellest ei v\u00e4hene, siis hinnasurve kasvab. 2019. aastal maksti lehek\u00fclje teksti eest keskmiselt 12 eurot. N\u00fc\u00fcd on tulnud ette, et hankel pakutakse isegi alla 8 euro. Vajadus t\u00f5lkide j\u00e4rele p\u00e4ris \u00e4ra siiski ei kao.<\/p>\n<p>&#8220;R\u00e4\u00e4gime meditsiinit\u00f5lkest n\u00e4iteks. Kes vastutab, kui inimene mingisuguse v\u00e4ga suure probleemi v\u00f5i lausa fataalse tagaj\u00e4rjega v\u00f5tab mingit ravimit, mille infoleht on valesti t\u00f5lgitud? Kes kontrollib, kes vastutab &#8211; kas masin vastutab?&#8221; s\u00f5nas van Doorslaer.<\/p>\n<p>Magusad t\u00f6\u00f6kohad t\u00f5lkijatele on Euroopa Liidu institutsioonides, sest seal n\u00f5utakse, et iga dokument peab olema k\u00e4ttesaadav k\u00f5igis keeltes. Mahud on suured, n\u00e4iteks Euroopa Komisjonis t\u00f5lgiti mullu eesti keelde enam kui 100 000 lehek\u00fclge teksti. Sealgi on arutatud, kas tehisaru v\u00f5iks inimesi asendada.<\/p>\n<p>&#8220;Praeguseks on ikkagi see seisukoht v\u00f5etud, et inimese silm peab need t\u00f5lked \u00fcle k\u00e4ima, eriti, mis puudutab \u00f5igusakte,&#8221; \u00fctles Euroopa Komisjoni Eesti esinduse asejuht Elis Paemurd.<\/p>\n<p>Euroopa Komisjonis tegeleb t\u00f5lkimisega 55 inimest.<\/p>\n","protected":false},"excerpt":{"rendered":"Tehisaru \u00fcha laialdasema kasutuse t\u00f5ttu r\u00e4\u00e4gitakse ikka, et t\u00f6\u00f6turul v\u00f5ib m\u00f5ni amet muutuda \u00fcleliigseks. Juba praegu on v\u00e4henenud&hellip;\n","protected":false},"author":2,"featured_media":164288,"comment_status":"","ping_status":"","sticky":false,"template":"","format":"standard","meta":{"footnotes":"","_share_on_mastodon":"0"},"categories":[12],"tags":[26,27,37,33,35,76824,34,36,31,32,21,28,29,11892,42235,19,25,814,373,76823,23,24,6545,22,20,30],"class_list":["post-164287","post","type-post","status-publish","format-standard","has-post-thumbnail","category-eesti","tag-breaking-news","tag-breakingnews","tag-ee","tag-eesti","tag-eesti-keel","tag-elis-paemurd","tag-estonia","tag-estonian","tag-featured-news","tag-featurednews","tag-headlines","tag-latest-news","tag-latestnews","tag-lauri-leesi","tag-nele-nikopensius","tag-news","tag-populaarseimad-lood","tag-tehisaru","tag-tehisintellekt","tag-tolkijad","tag-top-stories","tag-topstories","tag-triin-van-doorslaer","tag-uldised-uudised","tag-uudised","tag-viimased-uudised"],"share_on_mastodon":{"url":"https:\/\/pubeurope.com\/@ee\/116478306281922995","error":""},"_links":{"self":[{"href":"https:\/\/www.europesays.com\/ee\/wp-json\/wp\/v2\/posts\/164287","targetHints":{"allow":["GET"]}}],"collection":[{"href":"https:\/\/www.europesays.com\/ee\/wp-json\/wp\/v2\/posts"}],"about":[{"href":"https:\/\/www.europesays.com\/ee\/wp-json\/wp\/v2\/types\/post"}],"author":[{"embeddable":true,"href":"https:\/\/www.europesays.com\/ee\/wp-json\/wp\/v2\/users\/2"}],"replies":[{"embeddable":true,"href":"https:\/\/www.europesays.com\/ee\/wp-json\/wp\/v2\/comments?post=164287"}],"version-history":[{"count":0,"href":"https:\/\/www.europesays.com\/ee\/wp-json\/wp\/v2\/posts\/164287\/revisions"}],"wp:featuredmedia":[{"embeddable":true,"href":"https:\/\/www.europesays.com\/ee\/wp-json\/wp\/v2\/media\/164288"}],"wp:attachment":[{"href":"https:\/\/www.europesays.com\/ee\/wp-json\/wp\/v2\/media?parent=164287"}],"wp:term":[{"taxonomy":"category","embeddable":true,"href":"https:\/\/www.europesays.com\/ee\/wp-json\/wp\/v2\/categories?post=164287"},{"taxonomy":"post_tag","embeddable":true,"href":"https:\/\/www.europesays.com\/ee\/wp-json\/wp\/v2\/tags?post=164287"}],"curies":[{"name":"wp","href":"https:\/\/api.w.org\/{rel}","templated":true}]}}