{"id":164421,"date":"2026-04-27T22:28:11","date_gmt":"2026-04-27T22:28:11","guid":{"rendered":"https:\/\/www.europesays.com\/ee\/164421\/"},"modified":"2026-04-27T22:28:11","modified_gmt":"2026-04-27T22:28:11","slug":"pingilt-briljandi-leidnud-cagliari-pooras-15-sekundiga-punasele-joonele-selja-soccernet-ee","status":"publish","type":"post","link":"https:\/\/www.europesays.com\/ee\/164421\/","title":{"rendered":"Pingilt briljandi leidnud Cagliari p\u00f6\u00f6ras 15 sekundiga punasele joonele selja &#8211; Soccernet.ee"},"content":{"rendered":"<p><img decoding=\"async\" src=\"https:\/\/www.europesays.com\/ee\/wp-content\/uploads\/2026\/04\/1777317955.jpg\" alt=\"Paul Mendy p\u00e4\u00e4ses Serie A-s esmakordselt algkoosseisu ja s\u00e4ras kohe kahe v\u00e4ravaga. Foto: Scanpix \/ Gianluca Zuddas \/ LaPresse via ZUMA Press\"\/>&#13;\n<\/p>\n<p>Itaalia k\u00f5rgliigas tegi suure sammu p\u00fcsimaj\u00e4\u00e4mise suunas Ragnar Klavani endine t\u00f6\u00f6andja Cagliari, kes alistas haaravas lahingus 3:2 Atalanta ja kustutas \u00fchtlasi k\u00fclaliste eurolootuse.<\/p>\n<p>Sardiinlastel kulus skoori avamiseks t\u00e4pselt 15 sekundit, siis suunas Paul Mendy tsenderduse peaga v\u00e4ravasse. Sama mees oli 8. minutil nurgal\u00f6\u00f6gi j\u00e4rgses segaduses taas v\u00e4rava ees jaol ja saatis palli tugeva riko\u0161eti abiga teist korda sihile. Seejuures oli 19-aastase r\u00fcndaja jaoks tegu alles viienda Serie A m\u00e4nguga ning esimese korraga, mil ta kuulus algkoosseisu.&#13;\n<\/p>\n<p>Kodupubliku kiire r\u00f5\u00f5m asendus veel kiiremini tekkinud murega, sest Gianluca Scamacca oli poolaja l\u00f5pus viie minuti sees kaks korda t\u00e4pne ja pausile mindi viigiseisus. Teiseks poolajaks tuli viga saanud Mendy asemel aga platsile Gennaro Borelli, kes j\u00f5udis otsekohe tagasi p\u00f5rkunud pallini ja tegi 47. minutil seisuks 3:2.&#13;\n<\/p>\n<blockquote class=\"twitter-tweet\"><p>&#13;<\/p>\n<p lang=\"en\" dir=\"ltr\">3 &#8211; Among players who have scored 2+ goals on their Serie A debut as a starter in the three points for a win era, only Francesco Grandolfo (18y, 300d) and Lorenzo Venturino (18y, 336d) are younger than Paul Mendy (19 years, 116 days). Inspiration.<a href=\"https:\/\/twitter.com\/hashtag\/CagliariAtalanta?src=hash&amp;ref_src=twsrc%5Etfw\" rel=\"nofollow noopener\" target=\"_blank\">#CagliariAtalanta<\/a> <a href=\"https:\/\/t.co\/tDAQ0HMMkw\" rel=\"nofollow\">pic.twitter.com\/tDAQ0HMMkw<\/a>&#13;<br \/>\n\u2014 OptaPaolo (@OptaPaolo) <a href=\"https:\/\/twitter.com\/OptaPaolo\/status\/2048812254036918541?ref_src=twsrc%5Etfw\" rel=\"nofollow noopener\" target=\"_blank\">April 27, 2026<\/a><\/p>\n<\/blockquote>\n<p>L\u00f5puminutitel oli Atalantal kolm v\u00e4ga head viigiv\u00f5imalust, aga \u00e4ra kasutada ei suudetud neist ainsatki. Cagliari on t\u00e4nu v\u00f5idule n\u00fc\u00fcd ohutsoonist juba kaheksa punkti kaugusel ja neli vooru enne l\u00f5ppu p\u00fcsimaj\u00e4\u00e4mise peaaegu kindlustanud. Atalanta j\u00e4\u00e4b seevastu t\u00f5en\u00e4oliselt eurosarjast unistama, sest sinna viiv kuues koht on juba seitsme punkti kaugusel.&#13;\n<\/p>\n<p>          <script async src=\"https:\/\/platform.twitter.com\/widgets.js\" charset=\"utf-8\"><\/script><\/p>\n","protected":false},"excerpt":{"rendered":"&#13; Itaalia k\u00f5rgliigas tegi suure sammu p\u00fcsimaj\u00e4\u00e4mise suunas Ragnar Klavani endine t\u00f6\u00f6andja Cagliari, kes alistas haaravas lahingus 3:2&hellip;\n","protected":false},"author":2,"featured_media":164422,"comment_status":"","ping_status":"","sticky":false,"template":"","format":"standard","meta":{"footnotes":"","_share_on_mastodon":"0"},"categories":[18],"tags":[1816,76842,5152,37,33,35,34,36,109,1542,43570,38999,1082,159,158,1083],"class_list":["post-164421","post","type-post","status-publish","format-standard","has-post-thumbnail","category-sport","tag-atalanta","tag-borrelli","tag-cagliari","tag-ee","tag-eesti","tag-eesti-keel","tag-estonia","tag-estonian","tag-itaalia","tag-lazio","tag-mendy","tag-scamacca","tag-serie-a","tag-sport","tag-sports","tag-udinese"],"share_on_mastodon":{"url":"https:\/\/pubeurope.com\/@ee\/116479033801704431","error":""},"_links":{"self":[{"href":"https:\/\/www.europesays.com\/ee\/wp-json\/wp\/v2\/posts\/164421","targetHints":{"allow":["GET"]}}],"collection":[{"href":"https:\/\/www.europesays.com\/ee\/wp-json\/wp\/v2\/posts"}],"about":[{"href":"https:\/\/www.europesays.com\/ee\/wp-json\/wp\/v2\/types\/post"}],"author":[{"embeddable":true,"href":"https:\/\/www.europesays.com\/ee\/wp-json\/wp\/v2\/users\/2"}],"replies":[{"embeddable":true,"href":"https:\/\/www.europesays.com\/ee\/wp-json\/wp\/v2\/comments?post=164421"}],"version-history":[{"count":0,"href":"https:\/\/www.europesays.com\/ee\/wp-json\/wp\/v2\/posts\/164421\/revisions"}],"wp:featuredmedia":[{"embeddable":true,"href":"https:\/\/www.europesays.com\/ee\/wp-json\/wp\/v2\/media\/164422"}],"wp:attachment":[{"href":"https:\/\/www.europesays.com\/ee\/wp-json\/wp\/v2\/media?parent=164421"}],"wp:term":[{"taxonomy":"category","embeddable":true,"href":"https:\/\/www.europesays.com\/ee\/wp-json\/wp\/v2\/categories?post=164421"},{"taxonomy":"post_tag","embeddable":true,"href":"https:\/\/www.europesays.com\/ee\/wp-json\/wp\/v2\/tags?post=164421"}],"curies":[{"name":"wp","href":"https:\/\/api.w.org\/{rel}","templated":true}]}}