{"id":16444,"date":"2025-10-10T14:48:23","date_gmt":"2025-10-10T14:48:23","guid":{"rendered":"https:\/\/www.europesays.com\/ee\/16444\/"},"modified":"2025-10-10T14:48:23","modified_gmt":"2025-10-10T14:48:23","slug":"jarelkuulatav-%e2%9f%a9-linnapeakandidaatide-debatt-tostis-umarlauale-tartu-koige-olulisemad-teemad-2","status":"publish","type":"post","link":"https:\/\/www.europesays.com\/ee\/16444\/","title":{"rendered":"J\u00c4RELKUULATAV \u27e9 Linnapeakandidaatide debatt t\u00f5stis \u00fcmarlauale Tartu k\u00f5ige olulisemad teemad"},"content":{"rendered":"<p>M\u00f5ttevahetust juhtisid raadioajakirjanikud Madis Kimmel ja Timo Tarve, kandidaatide t\u00e4helepanuv\u00e4\u00e4rsemaid m\u00f5tteid kommenteerisid Tartu Postimehe ajakirjanikud Rannar Raba ning J\u00fcri Saar. Debatis osalesid seitsme suurema erakonna linnapeakandidaadid: Anneli Ott Keskerakonnast, Elo Kiivet Sotsiaaldemokraatlikust erakonnast, Kristina Kallas Eesti 200st, Merike Lumi EKREst, T\u00f5nis Lukas Isamaast, Urmas Klaas Reformierakonnast ja Vahur Kraft Parempoolsetest.<\/p>\n<p>Kohalike valimise eel- ja e-h\u00e4\u00e4letus algab esmasp\u00e4eval, 13. oktoobril. Valimisp\u00e4ev on p\u00fchap\u00e4ev, 19. oktoober.<\/p>\n","protected":false},"excerpt":{"rendered":"M\u00f5ttevahetust juhtisid raadioajakirjanikud Madis Kimmel ja Timo Tarve, kandidaatide t\u00e4helepanuv\u00e4\u00e4rsemaid m\u00f5tteid kommenteerisid Tartu Postimehe ajakirjanikud Rannar Raba ning&hellip;\n","protected":false},"author":2,"featured_media":16439,"comment_status":"","ping_status":"","sticky":false,"template":"","format":"standard","meta":{"footnotes":"","_share_on_mastodon":"0"},"categories":[12],"tags":[26,27,37,33,35,34,36,31,32,21,77,10275,28,29,10276,19,25,249,7288,6406,23,24,22,20,8532,670,30],"class_list":["post-16444","post","type-post","status-publish","format-standard","has-post-thumbnail","category-eesti","tag-breaking-news","tag-breakingnews","tag-ee","tag-eesti","tag-eesti-keel","tag-estonia","tag-estonian","tag-featured-news","tag-featurednews","tag-headlines","tag-kohalikud-valimised","tag-kuku-raadio","tag-latest-news","tag-latestnews","tag-linnapeakandidaadid","tag-news","tag-populaarseimad-lood","tag-tartu","tag-tartu-linnavolikogu","tag-tartu-postimees","tag-top-stories","tag-topstories","tag-uldised-uudised","tag-uudised","tag-valimisdebatt","tag-valimised","tag-viimased-uudised"],"share_on_mastodon":{"url":"","error":""},"_links":{"self":[{"href":"https:\/\/www.europesays.com\/ee\/wp-json\/wp\/v2\/posts\/16444","targetHints":{"allow":["GET"]}}],"collection":[{"href":"https:\/\/www.europesays.com\/ee\/wp-json\/wp\/v2\/posts"}],"about":[{"href":"https:\/\/www.europesays.com\/ee\/wp-json\/wp\/v2\/types\/post"}],"author":[{"embeddable":true,"href":"https:\/\/www.europesays.com\/ee\/wp-json\/wp\/v2\/users\/2"}],"replies":[{"embeddable":true,"href":"https:\/\/www.europesays.com\/ee\/wp-json\/wp\/v2\/comments?post=16444"}],"version-history":[{"count":0,"href":"https:\/\/www.europesays.com\/ee\/wp-json\/wp\/v2\/posts\/16444\/revisions"}],"wp:featuredmedia":[{"embeddable":true,"href":"https:\/\/www.europesays.com\/ee\/wp-json\/wp\/v2\/media\/16439"}],"wp:attachment":[{"href":"https:\/\/www.europesays.com\/ee\/wp-json\/wp\/v2\/media?parent=16444"}],"wp:term":[{"taxonomy":"category","embeddable":true,"href":"https:\/\/www.europesays.com\/ee\/wp-json\/wp\/v2\/categories?post=16444"},{"taxonomy":"post_tag","embeddable":true,"href":"https:\/\/www.europesays.com\/ee\/wp-json\/wp\/v2\/tags?post=16444"}],"curies":[{"name":"wp","href":"https:\/\/api.w.org\/{rel}","templated":true}]}}