{"id":164689,"date":"2026-04-28T08:46:08","date_gmt":"2026-04-28T08:46:08","guid":{"rendered":"https:\/\/www.europesays.com\/ee\/164689\/"},"modified":"2026-04-28T08:46:08","modified_gmt":"2026-04-28T08:46:08","slug":"taltechi-magistriope-aitab-teha-jargmise-reaalse-sammu","status":"publish","type":"post","link":"https:\/\/www.europesays.com\/ee\/164689\/","title":{"rendered":"TalTechi magistri\u00f5pe aitab teha j\u00e4rgmise reaalse sammu"},"content":{"rendered":"<p class=\"MsoNormal\">\u00d5ppekavad on paindlikud ning v\u00f5imaldavad siduda varasema tausta uute teadmistega. See loob v\u00f5imaluse l\u00e4heneda loovalt ettev\u00f5tete jaoks oluliste probleemide lahendamisele.<\/p>\n<p class=\"MsoNormal\">TalTechis \u00f5petavad eksperdid tegutsevad enamasti ka ise aktiivselt oma valdkonnas ja oskavad varasemat t\u00f6\u00f6kogemust k\u00f5rgelt v\u00e4\u00e4rtustada. See t\u00e4hendab, et saad v\u00e4rskeid teadmisi ja n\u00e4ed, kuidas teooria p\u00e4riselus toimib.<\/p>\n<p class=\"MsoNormal\">V\u00f5rgustik, mis avab uksi<\/p>\n<p class=\"MsoNormal\">Magistri\u00f5pe on lisaks teadmistele ka v\u00e4\u00e4rtuslik kontaktide v\u00f5rgustik. \u00d5ppides koos eri valdkondade spetsialistidega ja tehes koost\u00f6\u00f6d ettev\u00f5tetega, tekivad kontaktid, mis v\u00f5ivad viia uute v\u00f5imalusteni.<\/p>\n<p class=\"MsoNormal\">TalTechi magistri\u00f5pe on tihedalt seotud ettev\u00f5tete ja rahvusvaheliste partneritega. Praktikad ja koost\u00f6\u00f6projektid annavad v\u00f5imaluse lahendada p\u00e4riselu v\u00e4ljakutseid ning luua sidemeid tulevaste t\u00f6\u00f6andjatega. Sageli asuvad tudengid t\u00f6\u00f6le juba \u00f5pingute ajal.<\/p>\n<p class=\"MsoNormal\">Inseneriteaduskonna vilistlane Mart Erik Kermes alustas oma teekonda inseneerias, kogus tudengiprojektides ja Solaride\u2019is tugeva praktilise pagasi ning liikus ajapikku juhtimise suunas. Magistri\u00f5pingud roheliste energiatehnoloogiate erialal andsid talle v\u00f5imaluse oma karj\u00e4\u00e4ri teadlikult suunata ja proovida j\u00e4rgi oma tuuleenergiahuvi.<\/p>\n<p class=\"MsoNormal\">Investeering, mis tasub \u00e4ra<\/p>\n<p class=\"MsoNormal\">Magistrikraad ei ole v\u00f5luvits, kuid koos uudishimu ja pealehakkamisega v\u00f5ib see viia karj\u00e4\u00e4ri j\u00e4rgmisele tasemele.<\/p>\n<p class=\"MsoNormal\">TalTechi doktorant, NLP-teadur ja kogenud IT-spetsialist Aivo Olev sai t\u00f6\u00f6 k\u00f5rvalt \u00f5ppides magistrit\u00f6\u00f6 kaudu k\u00e4tte praktilise lahenduse, millest s\u00fcndis avatud l\u00e4htekoodiga k\u00f5netuvastusplatvorm tekstiks.ee. T\u00e4na on temast kujunenud AI ekspert ja Jutukuva reaalajase k\u00f5netuvastusrakenduse peamine arendaja.<\/p>\n<p class=\"MsoNormal\">Kui oled m\u00f5elnud, et tahad oma elule ja karj\u00e4\u00e4rile uue hingamise anda, siis v\u00f5ib just n\u00fc\u00fcd olla \u00f5ige aeg. TalTechi magistri\u00f5pe aitab \u00fchendada senise kogemuse uute teadmistega ja avada uksed v\u00f5imalustele, mida Sa t\u00e4na v\u00f5ib-olla veel ei n\u00e4e.<\/p>\n<p class=\"MsoNormal\">Esita avaldus 6. juuliks.<\/p>\n<p class=\"MsoNormal\">Vaata l\u00e4hemalt: <a target=\"_blank\" rel=\"noopener noreferrer nofollow\" href=\"https:\/\/taltech.ee\/reaalne?utm_source=postimees&amp;utm_medium=article&amp;utm_campaign=2026_ini_taltech_taltech_sisseastumine_klo045&amp;utm_content=n18&amp;utm_term=maka\">taltech.ee\/reaalne<\/a><\/p>\n<p>Kas tahad, et sinu lugu j\u00f5uaks inimesteni, keda see p\u00e4riselt k\u00f5netab? Postimehe sisuturundusartikkel ei ole pelgalt reklaam \u2013 see on l\u00e4bim\u00f5eldud sisu, mis pakub lugejale v\u00e4\u00e4rtust ning tutvustab sinu teenust v\u00f5i toodet. V\u00f5ta meiega \u00fchendust, et koos leida just sinu ettev\u00f5ttele sobiv sisuturunduslahendus: <a href=\"https:\/\/haridus.postimees.ee\/8460249\/mailto:veebireklaam@postimees.ee\" rel=\"nofollow noopener\" target=\"_blank\">veebireklaam@postimees.ee<\/a><\/p>\n","protected":false},"excerpt":{"rendered":"\u00d5ppekavad on paindlikud ning v\u00f5imaldavad siduda varasema tausta uute teadmistega. See loob v\u00f5imaluse l\u00e4heneda loovalt ettev\u00f5tete jaoks oluliste&hellip;\n","protected":false},"author":2,"featured_media":164690,"comment_status":"","ping_status":"","sticky":false,"template":"","format":"standard","meta":{"footnotes":"","_share_on_mastodon":"0"},"categories":[14],"tags":[131,130,37,33,35,76971,34,36,76985,76992,76993,76978,72328,76989,76979,76980,76986,76984,76983,76994,76967,76991,76972,76970,76976,76987,76981,76988,76974,76969,76968,76966,76990,76982,76975,76973,76977],"class_list":["post-164689","post","type-post","status-publish","format-standard","has-post-thumbnail","category-ari","tag-ari","tag-business","tag-ee","tag-eesti","tag-eesti-keel","tag-eesti-mereakadeemia-magistriope","tag-estonia","tag-estonian","tag-ettevotlus-ja-magistriope","tag-inseneriteaduskonna-magistriope","tag-it-ja-tehisintellekti-magistriope","tag-jutukuva-konetuvastus","tag-karjaaripoore","tag-kestlik-majandus-ope","tag-kiud-tekstiilijaatmetest-pakendimaterjalid","tag-magistrikraad-ja-palk","tag-magistriope-eriala-vahetamine","tag-magistriope-ja-vorgustik","tag-magistriope-kui-karjaarikiirendi","tag-magistriope-taiskasvanud-oppijale","tag-magistriope-too-korvalt","tag-magistrioppe-avaldus-6-juuliks","tag-majandusteaduskonna-magistriope","tag-merenduse-digitaliseerimine","tag-nlp-teadur-aivo-olev","tag-paindlikud-oppekavad-taltechis","tag-palgateadlikkus-birgit-ruunik","tag-riigikaitse-ja-julgeoleku-ope","tag-rohelised-energiatehnoloogiad-magistriope","tag-spetsialiseerumine-magistris","tag-tallinna-tehnikaulikooli-magistriope","tag-taltech-magistriope","tag-taltech-ee-reaalne","tag-taltechi-vilistlased","tag-tehisintellekt-ja-magistriope","tag-tehniline-fuusika-magistriope","tag-tekstiks-ee-konetuvastusplatvorm"],"share_on_mastodon":{"url":"","error":"Validation failed: Text character limit of 500 exceeded"},"_links":{"self":[{"href":"https:\/\/www.europesays.com\/ee\/wp-json\/wp\/v2\/posts\/164689","targetHints":{"allow":["GET"]}}],"collection":[{"href":"https:\/\/www.europesays.com\/ee\/wp-json\/wp\/v2\/posts"}],"about":[{"href":"https:\/\/www.europesays.com\/ee\/wp-json\/wp\/v2\/types\/post"}],"author":[{"embeddable":true,"href":"https:\/\/www.europesays.com\/ee\/wp-json\/wp\/v2\/users\/2"}],"replies":[{"embeddable":true,"href":"https:\/\/www.europesays.com\/ee\/wp-json\/wp\/v2\/comments?post=164689"}],"version-history":[{"count":0,"href":"https:\/\/www.europesays.com\/ee\/wp-json\/wp\/v2\/posts\/164689\/revisions"}],"wp:featuredmedia":[{"embeddable":true,"href":"https:\/\/www.europesays.com\/ee\/wp-json\/wp\/v2\/media\/164690"}],"wp:attachment":[{"href":"https:\/\/www.europesays.com\/ee\/wp-json\/wp\/v2\/media?parent=164689"}],"wp:term":[{"taxonomy":"category","embeddable":true,"href":"https:\/\/www.europesays.com\/ee\/wp-json\/wp\/v2\/categories?post=164689"},{"taxonomy":"post_tag","embeddable":true,"href":"https:\/\/www.europesays.com\/ee\/wp-json\/wp\/v2\/tags?post=164689"}],"curies":[{"name":"wp","href":"https:\/\/api.w.org\/{rel}","templated":true}]}}