{"id":164733,"date":"2026-04-28T09:43:14","date_gmt":"2026-04-28T09:43:14","guid":{"rendered":"https:\/\/www.europesays.com\/ee\/164733\/"},"modified":"2026-04-28T09:43:14","modified_gmt":"2026-04-28T09:43:14","slug":"talo-nouab-korgharidusega-kultuuritootaja-kuupalgaks-2304-eurot-eesti","status":"publish","type":"post","link":"https:\/\/www.europesays.com\/ee\/164733\/","title":{"rendered":"TALO n\u00f5uab k\u00f5rgharidusega kultuurit\u00f6\u00f6taja kuupalgaks 2304 eurot | Eesti"},"content":{"rendered":"<p>Teenistujate ametiliitude keskorganisatsioon (TALO) soovib j\u00e4tkata kultuuriministeeriumiga j\u00e4rgmise aasta t\u00f6\u00f6tasu alamm\u00e4\u00e4ra l\u00e4bir\u00e4\u00e4kimisi. TALO hinnangul v\u00f5iks k\u00f5rgharidusega kultuurit\u00f6\u00f6taja palk t\u00f5usta \u00fcle 600 euro ehk 2304 eurole.<\/p>\n<p>&#8220;Meie oleme kohustatud seisma oma liikmeskonna \u00f5iglase ja \u00e4raelamist v\u00f5imaldava t\u00f6\u00f6tasu eest \u2013 silmas pidades kultuurit\u00f6\u00f6tajate palgapoliitika tervikvaadet,&#8221; s\u00f5nas TALO esindaja kultuuriminister Heidy Purgale saadetud kirjas.<\/p>\n<p>TALO taotleb alates 2027. aastast riigieelarvest t\u00f6\u00f6tasu saavate ja riigieelarvest toetatavate , aga samuti kohalike omavalitsus\u00fcksuste haldusalluvuses olevate asutustes t\u00f6\u00f6tavate TALO liikmeskonda kuuluvate k\u00f5rgharidusega ja k\u00f5rgema kutsekvalifikatsiooniga v\u00f5i k\u00f5rgharidusn\u00f5udega v\u00f5rdsustatud eriteadmistega t\u00f6\u00f6tajate t\u00f6\u00f6tasu alamm\u00e4\u00e4ra t\u00f5stmist praegu kehtivalt 1720 eurolt 2304 euroni.<\/p>\n<p>Selle summa arvutas TALO rahandusministeeriumi kevadise majandusprognoosi keskmise palga prognoosist l\u00e4htudes.<\/p>\n<p>Lisaks taotleb TALO liikmeskonda kuuluvate asutuste k\u00f5rg-ja eriaharidusega t\u00f6\u00f6tajate, kelle brutot\u00f6\u00f6tasu \u00fcletab leppega saavutatavat alamm\u00e4\u00e4ra \u2013 t\u00f6\u00f6tasufondi suurendamist v\u00e4hemalt sama protsendi v\u00f5rra, kui t\u00f5useb t\u00f6\u00f6tasu alamm\u00e4\u00e4r.<\/p>\n<p>&#8220;See v\u00f5imaldaks lisaks miinimumil olevatele t\u00f6\u00f6tajatele kindlustada inflatsiooni ja elukalliduse t\u00f5usu arvestav palgat\u00f5us ka k\u00f5igile teistele erialaspetsialistidele ja vabakutselistele t\u00f6\u00f6tajatele,&#8221; lisas TALO esindaja.<\/p>\n<p>Taotleme TALO liikmeskonda kuuluvate erialalise k\u00f5rgema haridusega laste- ja noorte treenerite riigipoolse t\u00f6\u00f6tasutoetuse mahu t\u00f5stmist tasemele, mis v\u00f5imaldaks v\u00f5rdsustada nende treenerite t\u00f6\u00f6tasu k\u00f5rgharidusn\u00f5udega v\u00f5rdsustatud spetsiifiliste eriteadmistega t\u00f6\u00f6tajate t\u00f6\u00f6tasu alamm\u00e4\u00e4raga &#8211; 2304 eurot -, seda koos kohapealse finantseerimiskohustusega.<\/p>\n<p>Samuti taotleb TALO liikmeskonda kuuluvate huvikooli seaduse alusel t\u00f6\u00f6tavate huvikoolide &#8211; muusika ja kunstikoolid &#8211; pedagoogide t\u00f6\u00f6tasu v\u00f5rdsustamist p\u00f5hikooli ja g\u00fcmnaasiumi pedagoogide t\u00f6\u00f6tasude tasemega.<\/p>\n<p>TALO l\u00e4bir\u00e4\u00e4kimiste delegatsioon esindab Eesti kultuurit\u00f6\u00f6tajate ametiliidu, Eesti teatriliidu, Eesti treenerite liidu, televisiooni loomet\u00f6\u00f6tajate ametiliidu, raadio ja televisiooni tehniliste t\u00f6\u00f6tajate ametiliidu, Eesti muusika-, kunsti- ja kunstidekoolide t\u00f6\u00f6tajate ametiliidu liikmeid.<\/p>\n","protected":false},"excerpt":{"rendered":"Teenistujate ametiliitude keskorganisatsioon (TALO) soovib j\u00e4tkata kultuuriministeeriumiga j\u00e4rgmise aasta t\u00f6\u00f6tasu alamm\u00e4\u00e4ra l\u00e4bir\u00e4\u00e4kimisi. TALO hinnangul v\u00f5iks k\u00f5rgharidusega kultuurit\u00f6\u00f6taja palk&hellip;\n","protected":false},"author":2,"featured_media":156347,"comment_status":"","ping_status":"","sticky":false,"template":"","format":"standard","meta":{"footnotes":"","_share_on_mastodon":"0"},"categories":[12],"tags":[26,27,37,33,35,34,36,31,32,21,77010,3941,28,29,19,25,52168,77009,23,24,22,20,30],"class_list":["post-164733","post","type-post","status-publish","format-standard","has-post-thumbnail","category-eesti","tag-breaking-news","tag-breakingnews","tag-ee","tag-eesti","tag-eesti-keel","tag-estonia","tag-estonian","tag-featured-news","tag-featurednews","tag-headlines","tag-kultuuritootaja-alampalk","tag-kultuuritootaja-miinimumpalk","tag-latest-news","tag-latestnews","tag-news","tag-populaarseimad-lood","tag-talo","tag-teenistujate-ametiliitude-keskorganisatsioon","tag-top-stories","tag-topstories","tag-uldised-uudised","tag-uudised","tag-viimased-uudised"],"share_on_mastodon":{"url":"https:\/\/pubeurope.com\/@ee\/116481687976353812","error":""},"_links":{"self":[{"href":"https:\/\/www.europesays.com\/ee\/wp-json\/wp\/v2\/posts\/164733","targetHints":{"allow":["GET"]}}],"collection":[{"href":"https:\/\/www.europesays.com\/ee\/wp-json\/wp\/v2\/posts"}],"about":[{"href":"https:\/\/www.europesays.com\/ee\/wp-json\/wp\/v2\/types\/post"}],"author":[{"embeddable":true,"href":"https:\/\/www.europesays.com\/ee\/wp-json\/wp\/v2\/users\/2"}],"replies":[{"embeddable":true,"href":"https:\/\/www.europesays.com\/ee\/wp-json\/wp\/v2\/comments?post=164733"}],"version-history":[{"count":0,"href":"https:\/\/www.europesays.com\/ee\/wp-json\/wp\/v2\/posts\/164733\/revisions"}],"wp:featuredmedia":[{"embeddable":true,"href":"https:\/\/www.europesays.com\/ee\/wp-json\/wp\/v2\/media\/156347"}],"wp:attachment":[{"href":"https:\/\/www.europesays.com\/ee\/wp-json\/wp\/v2\/media?parent=164733"}],"wp:term":[{"taxonomy":"category","embeddable":true,"href":"https:\/\/www.europesays.com\/ee\/wp-json\/wp\/v2\/categories?post=164733"},{"taxonomy":"post_tag","embeddable":true,"href":"https:\/\/www.europesays.com\/ee\/wp-json\/wp\/v2\/tags?post=164733"}],"curies":[{"name":"wp","href":"https:\/\/api.w.org\/{rel}","templated":true}]}}