{"id":164811,"date":"2026-04-28T11:11:09","date_gmt":"2026-04-28T11:11:09","guid":{"rendered":"https:\/\/www.europesays.com\/ee\/164811\/"},"modified":"2026-04-28T11:11:09","modified_gmt":"2026-04-28T11:11:09","slug":"tuulikuvedu-latti-hairib-mai-alguses-liiklust-eesti","status":"publish","type":"post","link":"https:\/\/www.europesays.com\/ee\/164811\/","title":{"rendered":"Tuulikuvedu L\u00e4tti h\u00e4irib mai alguses liiklust | Eesti"},"content":{"rendered":"<p>Alates 1. mai \u00f5htust neljal \u00f6\u00f6l toimub tuulikute erivedu Paldiski sadamast L\u00e4tti, mis v\u00f5ib h\u00e4irida liiklust mitmel l\u00f5unasuunalisel maanteel.<\/p>\n<p>Transpordiameti teatel kasutatakse tuulikukomponentide veoks peamiselt kahte marsruuti.<\/p>\n<p>Esimene kulgeb m\u00f6\u00f6da Tallinna ringteed J\u00e4lgim\u00e4ele, sealt Saku aleviku kaudu Uusk\u00fclla, Rapla k\u00fclje alt l\u00e4bi ning Kerguni. Sealt j\u00e4tkub teekond Aluste\u2013Kergu maanteed m\u00f6\u00f6da Alusteni, edasi l\u00e4bi Tori, Paikuse, Abja-Paluoja ning viimaks l\u00e4bi Penuja k\u00fcla L\u00e4tti.<\/p>\n<p>Teine marsruut l\u00e4heb m\u00f6\u00f6da Tallinna ringteed Tallinna\u2013Tartu maanteele, sealt Imavere kaudu Viljandi suunas, edasi Viljandi k\u00fclje alt K\u00f5puni, kust teekond j\u00e4tkub Valga\u2013Uulu maanteed m\u00f6\u00f6da Merek\u00fclani ja sealt edasi m\u00f6\u00f6da Via Balticat L\u00e4ti piirini.<\/p>\n<p>Suurem\u00f5\u00f5tmeliste veoste transpordiks on transpordiamet v\u00e4ljastanud eriload, mis lubavad teed kasutada ajavahemikus kl 21.00\u20136.00. \u00dchel \u00f6\u00f6l liigub kuni neli kolonni, igas kolonnis on kuni neli eriveost.<\/p>\n<p>Tegemist on eriveostega, kus autorongi pikkus on kuni 90 meetrit ja k\u00f5rgus kuni 5,6 meetrit. Kokku veetakse L\u00e4tti 16 tuuliku detailid. Tuulikute vedu toimub \u00f5htuti ja \u00f6\u00f6siti, et v\u00f5imalikult v\u00e4he liiklust h\u00e4irida. Veod kestavad kokku kaks kuud, teatas transpordiamet.<\/p>\n<p>Aprilli jooksul on tehtud eeltoodud marsruutidel ettevalmistust\u00f6id, et veosed mahuksid liikuma. Ajutiselt ehitatakse teelaiendusi ja ringristmikele \u00fcles\u00f5ite, eemaldatakse ettej\u00e4\u00e4vad liiklusm\u00e4rgid ning asemele pannakse ajutised liiklusm\u00e4rgid, kirjeldas amet veoks tehtavaid ettevalmistusi.<\/p>\n<p>Kuigi \u00fchtegi teed vedude ajaks kinni ei panda, tasub liiklejatel arvestada v\u00f5imalike takistuste ja viivitustega, \u00fctles ameti pressiesindaja ERR-ile. \u00a0<\/p>\n<p>Tuulikute vedude tellija on Baltic Road &amp; Wind Solutions MB ja liikluskorralduse eest vastutab Ramudden O\u00dc.<\/p>\n","protected":false},"excerpt":{"rendered":"Alates 1. mai \u00f5htust neljal \u00f6\u00f6l toimub tuulikute erivedu Paldiski sadamast L\u00e4tti, mis v\u00f5ib h\u00e4irida liiklust mitmel l\u00f5unasuunalisel&hellip;\n","protected":false},"author":2,"featured_media":164812,"comment_status":"","ping_status":"","sticky":false,"template":"","format":"standard","meta":{"footnotes":"","_share_on_mastodon":"0"},"categories":[12],"tags":[26,27,37,33,35,34,36,31,32,21,28,29,10273,19,25,23,24,77038,3269,77037,22,20,30],"class_list":["post-164811","post","type-post","status-publish","format-standard","has-post-thumbnail","category-eesti","tag-breaking-news","tag-breakingnews","tag-ee","tag-eesti","tag-eesti-keel","tag-estonia","tag-estonian","tag-featured-news","tag-featurednews","tag-headlines","tag-latest-news","tag-latestnews","tag-liikluspiirangud","tag-news","tag-populaarseimad-lood","tag-top-stories","tag-topstories","tag-tulikute-transport","tag-tuulikud","tag-tuulikute-labad","tag-uldised-uudised","tag-uudised","tag-viimased-uudised"],"share_on_mastodon":{"url":"https:\/\/pubeurope.com\/@ee\/116482034136563965","error":""},"_links":{"self":[{"href":"https:\/\/www.europesays.com\/ee\/wp-json\/wp\/v2\/posts\/164811","targetHints":{"allow":["GET"]}}],"collection":[{"href":"https:\/\/www.europesays.com\/ee\/wp-json\/wp\/v2\/posts"}],"about":[{"href":"https:\/\/www.europesays.com\/ee\/wp-json\/wp\/v2\/types\/post"}],"author":[{"embeddable":true,"href":"https:\/\/www.europesays.com\/ee\/wp-json\/wp\/v2\/users\/2"}],"replies":[{"embeddable":true,"href":"https:\/\/www.europesays.com\/ee\/wp-json\/wp\/v2\/comments?post=164811"}],"version-history":[{"count":0,"href":"https:\/\/www.europesays.com\/ee\/wp-json\/wp\/v2\/posts\/164811\/revisions"}],"wp:featuredmedia":[{"embeddable":true,"href":"https:\/\/www.europesays.com\/ee\/wp-json\/wp\/v2\/media\/164812"}],"wp:attachment":[{"href":"https:\/\/www.europesays.com\/ee\/wp-json\/wp\/v2\/media?parent=164811"}],"wp:term":[{"taxonomy":"category","embeddable":true,"href":"https:\/\/www.europesays.com\/ee\/wp-json\/wp\/v2\/categories?post=164811"},{"taxonomy":"post_tag","embeddable":true,"href":"https:\/\/www.europesays.com\/ee\/wp-json\/wp\/v2\/tags?post=164811"}],"curies":[{"name":"wp","href":"https:\/\/api.w.org\/{rel}","templated":true}]}}