{"id":164925,"date":"2026-04-28T13:35:09","date_gmt":"2026-04-28T13:35:09","guid":{"rendered":"https:\/\/www.europesays.com\/ee\/164925\/"},"modified":"2026-04-28T13:35:09","modified_gmt":"2026-04-28T13:35:09","slug":"vaimse-tervise-probleemiga-lapse-isa-riik-toetab-aaremaastumist-eesti","status":"publish","type":"post","link":"https:\/\/www.europesays.com\/ee\/164925\/","title":{"rendered":"Vaimse tervise probleemiga lapse isa: riik toetab \u00e4\u00e4remaastumist | Eesti"},"content":{"rendered":"<p>Helle Tiikmaa ja Ronald Liive \u00fcksteist ei tunne, kuid neid seob \u00fcsna palju. Nad on tundliku sotsiaalse n\u00e4rviga ajakirjanikud &#8211; Tiikmaa juba 36 aastat, Liive 15. Lisaks seisavad nad m\u00f5lemad tuliselt enda lapse huvide eest, eriti kui k\u00fcsimuse all on tervis.<\/p>\n<p>&#8220;Me pidime kuskil kolm kuud ootama seda esmast aega ja see kolm kuud on \u00fche v\u00e4ikese inimese elus m\u00f5\u00f5tmatu pikk aeg,&#8221; \u00fctles Liive.<\/p>\n<p>&#8220;Vaimse tervise probleemidega inimesel, ega siis k\u00f5igil ei ole niisugust eestv\u00f5itlejat nagu mina olen oma pojale,&#8221; lisas Tiikmaa.<\/p>\n<p>Kui Tiikmaa poeg l\u00e4ks algkoolist p\u00f5hikooli, avaldusid mured, mis kujundasid \u00fcmber kogu nende senise elu.<\/p>\n<p>&#8220;Tal tekkisid f\u00fc\u00fcsilised probleemid. S\u00fcda l\u00e4ks pahaks, pea k\u00e4is ringi k\u00f5ik niisugused stressiv\u00e4ljendused, ta ei j\u00f5udnud enam kooli. Ja kui talle siis pakuti kooli poolt, esialgu ainult kooli poolt, see enne, kui k\u00f5ikv\u00f5imalikud rajaleidja otsused, ps\u00fchhiaatrid, diagnoosid tulid. Kool ise pakkus v\u00e4lja, et ta v\u00f5iks \u00fcks-\u00fchele \u00f5ppes viienda klassi l\u00f5petada. Laps l\u00e4ks s\u00e4rama. P\u00f5him\u00f5tteliselt see on see s\u00fcsteem, mis talle sobiks,&#8221; selgitas Tiikmaa.<\/p>\n<p>Teisemea alguses sai Tiikmaa ainus laps diagnoosi, et ta on autist. Naise s\u00f5nul neil toona vedas, sest t\u00e4nu hakkajale perearstile, nutikale neuroloogile ja ps\u00fchhiaatrile tuli selgus majja umbes poole aasta jooksul. Individuaal- ja veebi\u00f5ppega l\u00f5petas poeg keskkooli, kusjuures inglise keele riigieksamitulemus oli tal 96 punkti.<\/p>\n<p>&#8220;Minu poeg on praeguseks 24 aastat vana ja ta on tore noormees. Introvertne muidugi ja samas v\u00e4ga heas\u00fcdamlik, v\u00e4ldib igasuguseid konflikte ning ei ole suhtlemisaldis. T\u00e4nu sellele on tal elus suhteliselt keeruline. Ta on v\u00e4ga intelligentne, aga tema intelligents ja m\u00f5ttemaailm on nii-\u00f6elda keskmisest inimesest v\u00e4ga erinev,&#8221; selgitas Tiikmaa.<\/p>\n<p>Tiikmaa s\u00f5nul on natuke teistmoodi poja emaks olemisel nii kergemaid kui ka raskemaid k\u00fclgi.<\/p>\n<p>&#8220;Paljud probleemid, mis teiste emade jaoks on kaelamurdvad v\u00f5i n\u00e4rves\u00f6\u00f6vad, on minu jaoks puudunud. Teiselt poolt on mul j\u00e4lle niisuguseid probleeme tulnud lahendada, mida teised emad ei ole pidanud isegi mitte m\u00f5tlema, et need olemas on. Emana on laps laps,&#8221; s\u00f5nas Tiikmaa.<\/p>\n<p>Tiikmaa poeg igap\u00e4evaselt ravimeid v\u00f5tma ei pea, kuid teatava regulaarsusega on tal vaja ps\u00fchhiaatri abi. Kuni 20-nda eluaastani k\u00e4is noormees ema saatel lasteps\u00fchhiaatri juures ja k\u00f5ik sujus ladusalt. Olukord aga muutus, kui ema p\u00fc\u00fcdis pojale juba t\u00e4iskasvanuna leida uut arsti.<\/p>\n<p>&#8220;P\u00f5him\u00f5tteliselt \u00fcleandmist ei toimunud. Ma ei tea, arst haihtus. Kuna ta ikkagi oli liiga vana tema jaoks, siis kontaktid kuidagi kadusid ja uue arsti saamine on olnud v\u00e4ga keeruline. Ma ootasin, kuni selle hetkeni, mil tuli teadmine, et varsti tuleb hakata uuesti ajama puude ja t\u00f6\u00f6v\u00f5imetuse asju,&#8221; selgitas Tiikmaa.<\/p>\n<p>&#8220;Me sattusime mitte k\u00f5ige parema variandi peale, k\u00f5ige parem suhe ei tekkinud. Sellegipoolest ma eeldasin, et kuna me oleme k\u00e4inud selle arsti vastuv\u00f5tul \u00fche korra, t\u00e4hendab see omakorda seda, et me saame sinna edaspidi ilma, et me peaks hakkama samu vaheastmeid uuesti tegema. Minu suureks \u00fcllatuseks \u00f6eldi mulle registratuurist, et v\u00f5imalusi \u00fcle h\u00fcpata nendest ei ole, tehke uus e-konsultatsioon,&#8221; \u00fctles Tiikmaa.<\/p>\n<p>E-konsultatsioon on sisuliselt kahe arsti vaheline kirjavahetus, kus p\u00fc\u00fctakse leida patsiendi tervisemurele parim lahendus ja vajadusel kutsutakse abivajaja ka visiidile.<\/p>\n<p>Tiikmaa palus toona taas teha perearstil e-konsultatsiooni ps\u00fchhiaatrile. Naine ootas arstilt vastust, aga seda ei tulnud ega tulnud. T\u00e4ielik vaikus. Kuni l\u00f5puks selgus, et see e-konsultatsioon lihtsalt l\u00f5petati.<\/p>\n<p>&#8220;See ps\u00fchhiaatrihaigla otsustas, et me tulime liiga vara, aga mulle ei \u00f6elnud seda keegi enne kui \u00fckskord perearsti juures hiljem k\u00e4ies. Seda ei olnud ka epikriisis, v\u00e4hemalt ma ei leidnud seda sealt. Mul tekkis segadus, et miks? Lihtsalt pandi kinni k\u00f5ik,&#8221; selgitas Tiikmaa.<\/p>\n<p>L\u00f5puks ei j\u00e4\u00e4nudki emal muud \u00fcle, kui minna tasulise arsti vastuv\u00f5tule. See l\u00e4ks maksma 170 eurot ja ka sinna tuli aega oodata pikalt.<\/p>\n<p>&#8220;Me saime paari kuu ootamisega ps\u00fchhiaatrile. P\u00f5hjus, miks ma nii vara alustasin ka tasuta ja riiklikus s\u00fcsteemis ps\u00fchhiaatri otsimist ongi see, et need j\u00e4rjekorrad ei ole l\u00fchikesed. Ma ei teadnud, kui kaua v\u00f5tab aega enne, kui ma saan ps\u00fchhiaatrile l\u00f6\u00f6gile, selleks, et talle teha ps\u00fchhiaatri epikriis hindamise jaoks. Ma ei teadnud seda, j\u00e4relikult v\u00f5tsin endale aega. Tuleb v\u00e4lja, et v\u00f5tsin liiga palju nende hinnangul. Noh, mis sa teed?&#8221; s\u00f5nas Tiikmaa.<\/p>\n<p>&#8220;Kui sa n\u00e4ed, et sinu lapsel on m\u00f5ni mure, probleem, on jalaluu katki, siis mitte \u00fckski lapsevanem ei j\u00e4\u00e4 lihtsalt niisama diivanil istuma ja vaatama, et eks see paraneb ise. Kui on mingeid m\u00e4rke, signaale, et laps vajab tuge, abi, siis see on p\u00f5hjus, miks minna vaimse tervise abi otsima,&#8221; \u00fctles Liive.<\/p>\n<p>Liive elab Saaremaal Kuressaares. Sarnaselt Tiikmaa pojale l\u00f5id Liive lapsel raskused v\u00e4lja, kui v\u00f5suke liikus \u00fchest haridusastmest j\u00e4rgmisesse &#8211; lasteaiast algkooli. Hakkaja isana proovis ta kiiresti leida lahendust kuhjuvatele muredele.<\/p>\n<p>&#8220;Vaimse tervise abi puhul see v\u00e4ga oleneb, kus sa elad. Kui sa elad Tallinnas, Tartus, P\u00e4rnus ja ehk veel m\u00f5nes suuremas kohas, siis on see \u00fcsna lihtsasti k\u00e4ttesaadav, oma aga-dega. Aga kui sa elad kuskil \u00e4\u00e4remaal, siis on seal v\u00e4ga suured aga-d m\u00e4ngus. ,&#8221; lausus Liive ning lisas, et kahjuks toetab riik \u00e4\u00e4remaastumist.<\/p>\n<p>Liive s\u00f5nul Saaremaal algkooliealistele lastele ps\u00fchhiaatriabi \u00fcldse polegi ning tema laps suunati P\u00e4rnusse ootej\u00e4rjekorda. See osutus aga kolme kuu pikkuseks.<\/p>\n<p>&#8220;See kolm kuud on \u00fche v\u00e4ikese inimese elus m\u00f5\u00f5tmatu pikk aeg. Kui sa n\u00e4ed, et abi ja tuge oleks vaja n\u00fc\u00fcd ja kohe , siis mingi osa \u00fchiskonnast leiab, et on vaja oma rahakotirauad avada, et saada kiiremat abi,&#8221; \u00fctles Liive.<\/p>\n<p>Perekond sai erakliinikus lasteps\u00fchhiaatri juurde aja juba j\u00e4rgmiseks n\u00e4dalaks. Poolteist kuud tuli voorida mandril arstide vahet, kuni sai selgeks, et lapsel on aktiivsus-ja t\u00e4helepanuh\u00e4ire ning talle m\u00e4\u00e4rati ravi.<\/p>\n<p>&#8220;Me pidime k\u00e4ima Tallinnas ja Tartus. See t\u00e4hendas meie jaoks veedetud \u00f6id hotellides. Tuhandeid kilomeetreid m\u00f6\u00f6da Eestimaa pealt s\u00f5itmist ja loomulikult ka otsest rahasummat, mis me k\u00e4isime v\u00e4lja siis erakliiniku teenuse kasutamise eest,&#8221; selgitas Liive.<\/p>\n<p>Puhtalt visiiditasude peale kulus Liivel 1100 eurot, ent sinna peab tema hinnangul juurde arvestama ka tegemata j\u00e4\u00e4nud t\u00f6\u00f6tunnid, kus ta sissetulekut teenida ei saanud. Lisaks veel hotellid ja transpordikulud. K\u00f5ik see pole aga peamine.\u00a0<\/p>\n<p>&#8220;Seal on n\u00fcansse, erip\u00e4rasid, mida on rahaks v\u00e4ga raske ja keeruline kokku arvutada. K\u00f5ik see muu vaimne pool, kuidas ta kurnab sind, mida sa \u00fchiskonna poolt saad tagasi, milline k\u00f5ik see sinu kogemus on. Seda rahaks mitte keegi \u00fcmber ei suuda arvutada,&#8221; \u00fctles Liive.<\/p>\n<p>Just selleks, et meie \u00fchiskonna stigmasid murda, otsustas Liive astuda Eesti ATH liitu. Mees on v\u00e4ga t\u00e4nulik neile, kes on varasemalt julgenud avalikult oma diagnoosist r\u00e4\u00e4kida. See on aidanud teda ja n\u00fc\u00fcd, jagades oma pere lugu, loodab ta aidata teisi.<\/p>\n<p>&#8220;Ma annan julgustavalt v\u00e4lja sellise signaali, et kui minu poeg l\u00e4ks ravimiravi teed ja olnud selle kuuri peal paar p\u00e4eva, lausus mulle laused: &#8220;Ma saan elus esimest korda\u00a0 m\u00f5elda, mu peas on rahu.&#8221; See on, mille poole minna,&#8221; lausus Liive.<\/p>\n","protected":false},"excerpt":{"rendered":"Helle Tiikmaa ja Ronald Liive \u00fcksteist ei tunne, kuid neid seob \u00fcsna palju. Nad on tundliku sotsiaalse n\u00e4rviga&hellip;\n","protected":false},"author":2,"featured_media":164926,"comment_status":"","ping_status":"","sticky":false,"template":"","format":"standard","meta":{"footnotes":"","_share_on_mastodon":"0"},"categories":[12],"tags":[3840,2540,26,27,37,33,35,34,36,31,32,21,5389,28,29,515,19,25,12424,23,24,22,20,77061,30],"class_list":["post-164925","post","type-post","status-publish","format-standard","has-post-thumbnail","category-eesti","tag-aktiivsus-ja-tahelepanuhaire","tag-autism","tag-breaking-news","tag-breakingnews","tag-ee","tag-eesti","tag-eesti-keel","tag-estonia","tag-estonian","tag-featured-news","tag-featurednews","tag-headlines","tag-lapsevanemad","tag-latest-news","tag-latestnews","tag-meditsiinisusteem","tag-news","tag-populaarseimad-lood","tag-psuhhiaatria","tag-top-stories","tag-topstories","tag-uldised-uudised","tag-uudised","tag-vaimse-tervise-probleemid","tag-viimased-uudised"],"share_on_mastodon":{"url":"https:\/\/pubeurope.com\/@ee\/116482599988800792","error":""},"_links":{"self":[{"href":"https:\/\/www.europesays.com\/ee\/wp-json\/wp\/v2\/posts\/164925","targetHints":{"allow":["GET"]}}],"collection":[{"href":"https:\/\/www.europesays.com\/ee\/wp-json\/wp\/v2\/posts"}],"about":[{"href":"https:\/\/www.europesays.com\/ee\/wp-json\/wp\/v2\/types\/post"}],"author":[{"embeddable":true,"href":"https:\/\/www.europesays.com\/ee\/wp-json\/wp\/v2\/users\/2"}],"replies":[{"embeddable":true,"href":"https:\/\/www.europesays.com\/ee\/wp-json\/wp\/v2\/comments?post=164925"}],"version-history":[{"count":0,"href":"https:\/\/www.europesays.com\/ee\/wp-json\/wp\/v2\/posts\/164925\/revisions"}],"wp:featuredmedia":[{"embeddable":true,"href":"https:\/\/www.europesays.com\/ee\/wp-json\/wp\/v2\/media\/164926"}],"wp:attachment":[{"href":"https:\/\/www.europesays.com\/ee\/wp-json\/wp\/v2\/media?parent=164925"}],"wp:term":[{"taxonomy":"category","embeddable":true,"href":"https:\/\/www.europesays.com\/ee\/wp-json\/wp\/v2\/categories?post=164925"},{"taxonomy":"post_tag","embeddable":true,"href":"https:\/\/www.europesays.com\/ee\/wp-json\/wp\/v2\/tags?post=164925"}],"curies":[{"name":"wp","href":"https:\/\/api.w.org\/{rel}","templated":true}]}}