{"id":164961,"date":"2026-04-28T14:18:06","date_gmt":"2026-04-28T14:18:06","guid":{"rendered":"https:\/\/www.europesays.com\/ee\/164961\/"},"modified":"2026-04-28T14:18:06","modified_gmt":"2026-04-28T14:18:06","slug":"rumeenia-peaministrit-ootab-ees-umbusaldushaaletus-valismaa","status":"publish","type":"post","link":"https:\/\/www.europesays.com\/ee\/164961\/","title":{"rendered":"Rumeenia peaministrit ootab ees umbusaldush\u00e4\u00e4letus | V\u00e4lismaa"},"content":{"rendered":"<p>Rumeenia sotsiaaldemokraadid ja parempopulistid teatasid teisip\u00e4eval, et esitasid liberaalse peaministri Ilie Bolojani vastu umbusaldusavalduse.<\/p>\n<p>Parlamendi suurim erakond Sotsiaaldemokraatlik Partei (PSD) lahkus Bolojani valitsuskoalitsioonist eelmisel n\u00e4dalal. P\u00f5hjuseks olid peaministri mitmed ebapopulaarsed meetmed, millega riik \u00fcritab k\u00e4rpida Euroopa Liidu suurimat eelarvepuuduj\u00e4\u00e4ki.<\/p>\n<p>Parempopulistidde liider George Simion \u00fctles, et tema erakond AUR esitas umbusaldusavalduse, millele kirjutas alla 251 saadikut 465-liikmelises parlamendis. H\u00e4\u00e4letus toimub 5. mail.<\/p>\n<p>&#8220;On selge, et parlamendis on enamus, kes soovib selle valitsuse lahkumist,&#8221; \u00fctles Simion.<\/p>\n<p>PSD teatas, et toetab umbusaldusavaldust.<\/p>\n<p>&#8220;PSD-l on \u00f5nnestunud tagada parlamendi enamuse toetus peaminister Ilie Bolojani vastasele umbusaldusavaldusele,&#8221; seisis partei pressiteates.<\/p>\n<p>&#8220;Selle tulemusena toob PSD kaasa p\u00f5hjaliku muutuse riigi valitsemisviisis, mida n\u00f5uab valdav enamus Rumeenia kodanikke,&#8221; lisati teates.<\/p>\n<p>PSD liitus Euroopa-meelse valitsuskoalitsiooniga eelmise aasta juunis. See l\u00f5petas kuid kestnud poliitilise segaduse, mis h\u00f5lmas 2024. aasta detsembris toimunud presidendivalimiste t\u00fchistamist Venemaa sekkumise s\u00fc\u00fcdistuste t\u00f5ttu.<\/p>\n<p>Bolojani meetmed eelarvepuuduj\u00e4\u00e4gi v\u00e4hendamiseks, n\u00e4iteks maksut\u00f5usud, on p\u00e4lvinud PSD pahameele, kuna partei kardab oma valijaskonda parem\u00e4\u00e4rmuslastele kaotada.<\/p>\n<p>Eelmise n\u00e4dala neljap\u00e4eval teatas PSD, et on avatud osalema uues Euroopa-meelses valitsuses ja toetama teist peaministrit, olgu see siis poliitik v\u00f5i tehnokraat.<\/p>\n<p>Bolojan on mitu korda \u00f6elnud, et keeldub tagasi astumast ja j\u00e4tkab valitsuse juhtimist.<\/p>\n<p>Esmasp\u00e4eval telekanalile Digi24 antud intervjuus \u00fctles ta, et tema vastased peavad pakkuma v\u00e4lja lahenduse ja v\u00f5tma vastutuse selle eest, mis l\u00e4hiajal juhtuma hakkab.<\/p>\n<p>57-aastane Bolojan on tuntud kui reformija, kes on p\u00fchendunud avaliku raha raiskamise piiramisele ja EL-i toetuste kaasamisele, kuid teda on kritiseeritud &#8220;paindumatuse&#8221; p\u00e4rast.<\/p>\n","protected":false},"excerpt":{"rendered":"Rumeenia sotsiaaldemokraadid ja parempopulistid teatasid teisip\u00e4eval, et esitasid liberaalse peaministri Ilie Bolojani vastu umbusaldusavalduse. Parlamendi suurim erakond Sotsiaaldemokraatlik&hellip;\n","protected":false},"author":2,"featured_media":164962,"comment_status":"","ping_status":"","sticky":false,"template":"","format":"standard","meta":{"footnotes":"","_share_on_mastodon":"0"},"categories":[80],"tags":[26,27,37,33,35,34,36,31,32,21,28,29,95,19,2706,25,1945,23,24,22,12413,20,1012,8770,30,92,93,94],"class_list":["post-164961","post","type-post","status-publish","format-standard","has-post-thumbnail","category-maailm","tag-breaking-news","tag-breakingnews","tag-ee","tag-eesti","tag-eesti-keel","tag-estonia","tag-estonian","tag-featured-news","tag-featurednews","tag-headlines","tag-latest-news","tag-latestnews","tag-maailm","tag-news","tag-parlament","tag-populaarseimad-lood","tag-rumeenia","tag-top-stories","tag-topstories","tag-uldised-uudised","tag-umbusaldus","tag-uudised","tag-valitsus","tag-valitsuskriis","tag-viimased-uudised","tag-world","tag-world-news","tag-worldnews"],"share_on_mastodon":{"url":"https:\/\/pubeurope.com\/@ee\/116482769534814902","error":""},"_links":{"self":[{"href":"https:\/\/www.europesays.com\/ee\/wp-json\/wp\/v2\/posts\/164961","targetHints":{"allow":["GET"]}}],"collection":[{"href":"https:\/\/www.europesays.com\/ee\/wp-json\/wp\/v2\/posts"}],"about":[{"href":"https:\/\/www.europesays.com\/ee\/wp-json\/wp\/v2\/types\/post"}],"author":[{"embeddable":true,"href":"https:\/\/www.europesays.com\/ee\/wp-json\/wp\/v2\/users\/2"}],"replies":[{"embeddable":true,"href":"https:\/\/www.europesays.com\/ee\/wp-json\/wp\/v2\/comments?post=164961"}],"version-history":[{"count":0,"href":"https:\/\/www.europesays.com\/ee\/wp-json\/wp\/v2\/posts\/164961\/revisions"}],"wp:featuredmedia":[{"embeddable":true,"href":"https:\/\/www.europesays.com\/ee\/wp-json\/wp\/v2\/media\/164962"}],"wp:attachment":[{"href":"https:\/\/www.europesays.com\/ee\/wp-json\/wp\/v2\/media?parent=164961"}],"wp:term":[{"taxonomy":"category","embeddable":true,"href":"https:\/\/www.europesays.com\/ee\/wp-json\/wp\/v2\/categories?post=164961"},{"taxonomy":"post_tag","embeddable":true,"href":"https:\/\/www.europesays.com\/ee\/wp-json\/wp\/v2\/tags?post=164961"}],"curies":[{"name":"wp","href":"https:\/\/api.w.org\/{rel}","templated":true}]}}