{"id":164963,"date":"2026-04-28T14:19:27","date_gmt":"2026-04-28T14:19:27","guid":{"rendered":"https:\/\/www.europesays.com\/ee\/164963\/"},"modified":"2026-04-28T14:19:27","modified_gmt":"2026-04-28T14:19:27","slug":"eesti-esindaja-valiti-taas-euroopa-sulgpalliliidu-juhatusse","status":"publish","type":"post","link":"https:\/\/www.europesays.com\/ee\/164963\/","title":{"rendered":"Eesti esindaja valiti taas Euroopa Sulgpalliliidu juhatusse"},"content":{"rendered":"<p class=\"x_MsoNormal\">Euroopa Sulgpalliliidu juhatuse liikmeks valiti Renna Unt Eesti Sulgpalliliidust. Juhatusse kuulub 12 liiget ning Unt on ainus P\u00f5hja- ja Baltimaade esindaja. Eestlanna p\u00e4lvis juhatuse liikmete valimistel liikmesriikidelt suurima toetuse saades kandidaatidest suurima arvu h\u00e4\u00e4li.<\/p>\n<p class=\"x_MsoNormal\">Unt oli Euroopa Sulgpalliliidu juhatuse liige ka eelmisel ametiajal, kus ta vastutas v\u00f5istluste valdkonna eest olles v\u00f5istluskomisjoni juht.<\/p>\n<p class=\"x_MsoNormal\">Maailma Sulgpallif\u00f6deratsiooni v\u00f5ttis aastakoosolekul vastu otsuse muuta sulgpalli punktis\u00fcsteemi. Alates j\u00e4rgmisest aastast m\u00e4ngitakse sulgpallis geimid senise 21 punkti asemel 15 punktini. Reeglite muudatusega sooviti \u00fcheltpoolt v\u00e4hendada tihedast v\u00f5istluskalendrist tulenevat v\u00f5imalikku vigastuste ohtu sportlastele ja teisalt muuta spordiala f\u00e4nnide jaoks kaasahaaravamaks ja huvitavamaks<\/p>\n","protected":false},"excerpt":{"rendered":"Euroopa Sulgpalliliidu juhatuse liikmeks valiti Renna Unt Eesti Sulgpalliliidust. Juhatusse kuulub 12 liiget ning Unt on ainus P\u00f5hja-&hellip;\n","protected":false},"author":2,"featured_media":164964,"comment_status":"","ping_status":"","sticky":false,"template":"","format":"standard","meta":{"footnotes":"","_share_on_mastodon":"0"},"categories":[12],"tags":[6800,26,27,37,33,35,12409,34,36,73167,31,32,77071,21,77069,15592,28,29,77067,19,77068,25,77072,77036,77075,77070,264,23,24,22,20,77074,30,77073],"class_list":["post-164963","post","type-post","status-publish","format-standard","has-post-thumbnail","category-eesti","tag-aastakoosolek","tag-breaking-news","tag-breakingnews","tag-ee","tag-eesti","tag-eesti-keel","tag-eesti-sulgpalliliit","tag-estonia","tag-estonian","tag-euroopa-sulgpalliliit","tag-featured-news","tag-featurednews","tag-geim-15-punktini","tag-headlines","tag-horsens","tag-juhatus","tag-latest-news","tag-latestnews","tag-maailma-sulgpallifoderatsioon","tag-news","tag-pohja-ja-baltimaad","tag-populaarseimad-lood","tag-reeglite-muudatus","tag-renna-unt","tag-spordiala-kaasahaaravus","tag-sulgpalli-punktisusteem","tag-taani","tag-top-stories","tag-topstories","tag-uldised-uudised","tag-uudised","tag-vigastuste-ennetamine","tag-viimased-uudised","tag-voistluskomisjon"],"share_on_mastodon":{"url":"","error":"Validation failed: Text character limit of 500 exceeded"},"_links":{"self":[{"href":"https:\/\/www.europesays.com\/ee\/wp-json\/wp\/v2\/posts\/164963","targetHints":{"allow":["GET"]}}],"collection":[{"href":"https:\/\/www.europesays.com\/ee\/wp-json\/wp\/v2\/posts"}],"about":[{"href":"https:\/\/www.europesays.com\/ee\/wp-json\/wp\/v2\/types\/post"}],"author":[{"embeddable":true,"href":"https:\/\/www.europesays.com\/ee\/wp-json\/wp\/v2\/users\/2"}],"replies":[{"embeddable":true,"href":"https:\/\/www.europesays.com\/ee\/wp-json\/wp\/v2\/comments?post=164963"}],"version-history":[{"count":0,"href":"https:\/\/www.europesays.com\/ee\/wp-json\/wp\/v2\/posts\/164963\/revisions"}],"wp:featuredmedia":[{"embeddable":true,"href":"https:\/\/www.europesays.com\/ee\/wp-json\/wp\/v2\/media\/164964"}],"wp:attachment":[{"href":"https:\/\/www.europesays.com\/ee\/wp-json\/wp\/v2\/media?parent=164963"}],"wp:term":[{"taxonomy":"category","embeddable":true,"href":"https:\/\/www.europesays.com\/ee\/wp-json\/wp\/v2\/categories?post=164963"},{"taxonomy":"post_tag","embeddable":true,"href":"https:\/\/www.europesays.com\/ee\/wp-json\/wp\/v2\/tags?post=164963"}],"curies":[{"name":"wp","href":"https:\/\/api.w.org\/{rel}","templated":true}]}}