{"id":164986,"date":"2026-04-28T14:49:10","date_gmt":"2026-04-28T14:49:10","guid":{"rendered":"https:\/\/www.europesays.com\/ee\/164986\/"},"modified":"2026-04-28T14:49:10","modified_gmt":"2026-04-28T14:49:10","slug":"jordani-saavutust-korranud-flagg-valiti-napi-eduga-aasta-uustulnukaks-korvpall","status":"publish","type":"post","link":"https:\/\/www.europesays.com\/ee\/164986\/","title":{"rendered":"Jordani saavutust korranud Flagg valiti napi eduga aasta uustulnukaks | Korvpall"},"content":{"rendered":"<p>Korvpalliliiga NBA hooaja parimaks uustulnukaks valiti Dallas Mavericksi t\u00e4ht Cooper Flagg, kes edestas \u00fcsna napilt oma \u00fclikooliaegset tiimikaaslast Kon Knueppelit (Charlotte Hornets).<\/p>\n<p>Flaggist sai alles teine uustulnuk, kes oma deb\u00fc\u00fcthooajal olnud oma v\u00f5istkonna parim nii punktide (21,0), lauapallide (6,7), korvis\u00f6\u00f6tude (4,5) kui vaheltl\u00f5igete (1,2) arvestuses. Esimesena sai sellega hakkama Michael Jordan hooajal 1984\/85.<\/p>\n<p>Hooaja k\u00e4igus 19-aastaseks saanud Flagg sai aasta uustulnuka valimisel reporteritelt 412 punkti (56 esi- ja 44 teise koha h\u00e4\u00e4lt); Duke&#8217;is tema \u00fclikoolikaaslaseks olnud Kon Knueppel teenis 386 (44 ja 55) punkti. Kolmas oli Philadelphia 76ersi tagam\u00e4ngija VJ Edgecombe 96 punktiga.<\/p>\n<p>Kogu hooaja jooksul oli Knueppel, kes kogus keskmiselt 18,5 punkti, 5,3 lauapalli ja 3,4 korvis\u00f6\u00f6tu ning aitas Hornetsil v\u00f5ita 25 m\u00e4ngu enam kui eelmisel hooajal, Flaggist erinevates edetabelites ees, aga Mavericksi tulevikut\u00e4ht p\u00f6\u00f6ras h\u00e4\u00e4letuse t\u00f5en\u00e4oliselt enda kasuks p\u00f5hihooaja eelviimase n\u00e4dalaga.<\/p>\n<p>4. aprillil viskas Flagg Orlando Magicu vastu 51 punkti ning sai esimeseks teismeliseks, kes NBA-s 50 punkti piiri \u00fcletanud; kaks p\u00e4eva hiljem kostitas ta Los Angeles Lakersit 45 punktiga. \u00dche korra j\u00e4i p\u00f5hihooaja jooksul Flaggi arvele ka 49 ja \u00fche korra 42 punkti, mitmel korral j\u00e4i tal v\u00e4ga v\u00e4he puudu kolmikduublist.<\/p>\n<p>&#8220;Vaatan iga \u00f5htu tema m\u00e4nge v\u00f5i v\u00e4hemalt protokolle; juba seep\u00e4rast, et ta on \u00fcks mu vennastest,&#8221; vastas Flagg k\u00fcsimusele, kui tihti endise meeskonnakaaslase Knueppeli statistilistel n\u00e4itajatel silma peal hoidis. &#8220;Meil on v\u00e4ga hea suhe ning oleme \u00fcksteise jaoks kogu \u00fclej\u00e4\u00e4nud elu olemas. Vaatasin teda f\u00e4nnina, aga muidugi oli seal natuke ka omavahelist rivaalitsemist,&#8221; t\u00f5des Flagg.<\/p>\n","protected":false},"excerpt":{"rendered":"Korvpalliliiga NBA hooaja parimaks uustulnukaks valiti Dallas Mavericksi t\u00e4ht Cooper Flagg, kes edestas \u00fcsna napilt oma \u00fclikooliaegset tiimikaaslast&hellip;\n","protected":false},"author":2,"featured_media":164987,"comment_status":"","ping_status":"","sticky":false,"template":"","format":"standard","meta":{"footnotes":"","_share_on_mastodon":"0"},"categories":[18],"tags":[11321,11758,37,33,35,34,36,54717,159,158],"class_list":["post-164986","post","type-post","status-publish","format-standard","has-post-thumbnail","category-sport","tag-cooper-flagg","tag-dallas-mavericks","tag-ee","tag-eesti","tag-eesti-keel","tag-estonia","tag-estonian","tag-kon-knueppel","tag-sport","tag-sports"],"share_on_mastodon":{"url":"https:\/\/pubeurope.com\/@ee\/116482891026523958","error":""},"_links":{"self":[{"href":"https:\/\/www.europesays.com\/ee\/wp-json\/wp\/v2\/posts\/164986","targetHints":{"allow":["GET"]}}],"collection":[{"href":"https:\/\/www.europesays.com\/ee\/wp-json\/wp\/v2\/posts"}],"about":[{"href":"https:\/\/www.europesays.com\/ee\/wp-json\/wp\/v2\/types\/post"}],"author":[{"embeddable":true,"href":"https:\/\/www.europesays.com\/ee\/wp-json\/wp\/v2\/users\/2"}],"replies":[{"embeddable":true,"href":"https:\/\/www.europesays.com\/ee\/wp-json\/wp\/v2\/comments?post=164986"}],"version-history":[{"count":0,"href":"https:\/\/www.europesays.com\/ee\/wp-json\/wp\/v2\/posts\/164986\/revisions"}],"wp:featuredmedia":[{"embeddable":true,"href":"https:\/\/www.europesays.com\/ee\/wp-json\/wp\/v2\/media\/164987"}],"wp:attachment":[{"href":"https:\/\/www.europesays.com\/ee\/wp-json\/wp\/v2\/media?parent=164986"}],"wp:term":[{"taxonomy":"category","embeddable":true,"href":"https:\/\/www.europesays.com\/ee\/wp-json\/wp\/v2\/categories?post=164986"},{"taxonomy":"post_tag","embeddable":true,"href":"https:\/\/www.europesays.com\/ee\/wp-json\/wp\/v2\/tags?post=164986"}],"curies":[{"name":"wp","href":"https:\/\/api.w.org\/{rel}","templated":true}]}}