{"id":164988,"date":"2026-04-28T14:50:13","date_gmt":"2026-04-28T14:50:13","guid":{"rendered":"https:\/\/www.europesays.com\/ee\/164988\/"},"modified":"2026-04-28T14:50:13","modified_gmt":"2026-04-28T14:50:13","slug":"aue-lahkub-naftakartellist-opec-valismaa","status":"publish","type":"post","link":"https:\/\/www.europesays.com\/ee\/164988\/","title":{"rendered":"A\u00dcE lahkub naftakartellist OPEC | V\u00e4lismaa"},"content":{"rendered":"<p>Araabia \u00dchendemiraadid (A\u00dcE) teatas teisip\u00e4eval, et lahkub naftakartellist OPEC. Ajaleht Financial Times hindab, et A\u00dcE otsus annab kartellile ja selle juhile Saudi Araabiale valusa hoobi.<\/p>\n<p>Meedias levisid juba varem v\u00e4ited, et A\u00dcE ja Saudi Araabia vahel on \u00fcha suuremad erimeelsused ning A\u00dcE kaalub naftakartellist lahkumist. A\u00dcE on juba mitu aastat kaalunud, millised kokkulepped sobivad k\u00f5ige rohkem riigi pikaajalistele huvidele.\u00a0<\/p>\n<p>A\u00dcE lahkubki n\u00fc\u00fcd 1. mail kartellist ning see toimub ajal, mil maailm seisab silmitsi aastak\u00fcmnete suurima energiakriisiga.<\/p>\n<p>Ajaleht The Wall Street Journal kirjutab, et Hormuzi v\u00e4ina sulgemise t\u00f5ttu on kartellis erimeelsused s\u00fcvenenud. Kartell ei suuda energiakriisi ajal enam turgu varasemal tasemel kontrollida.<\/p>\n<p>A\u00dcE-l on aga torujuhe, mis suunab tema nafta Fujairahi sadamasse v\u00e4ljaspool Hormuzi v\u00e4ina, Omaani lahe \u00e4\u00e4rde. A\u00dcE-l on olemas veel v\u00f5imekus suurenda naftatootmist.\u00a0<\/p>\n<p>OPEC-ist lahkumine annab A\u00dcE-le n\u00fc\u00fcd\u00a0 rohkem vabadust investeerida oma toodangu laiendamiseks ja kohaneda Hormuzi v\u00e4ina ebakindla tulevikuga.<\/p>\n<p>Konsultatsioonifirma Rystad Energy anal\u00fc\u00fctik Jorge Leon \u00fctles, et A\u00dcE lahkumisega kaotab OPEC \u00fche oma p\u00f5hisamba, mis v\u00f5imaldab kartellil turgu juhtida.<\/p>\n<p>&#8220;4,8 miljoni barreli p\u00e4evase tootmisv\u00f5imsusega liikme kaotamine ja ambitsiooni toota rohkem v\u00f5tab grupilt k\u00e4est t\u00f5elise t\u00f6\u00f6riista,&#8221; \u00fctles Leon.\u00a0<\/p>\n<p>OPEC loodi 1960. aastatel ning 1973. aasta naftakriisi ajal sai kartellist \u00fcks m\u00f5jukamaid majandusj\u00f5ude maailmas. Viimastel aastatel on kartelli haare naftaturu \u00fcle n\u00f5rgenenud, kuna mitmed riigid, nagu USA on suurendanud oma tootmist. P\u00e4rast Hormuzi v\u00e4ina sulgemist kasvas USA m\u00f5juv\u00f5im globaalsel naftaturul veelgi.<\/p>\n","protected":false},"excerpt":{"rendered":"Araabia \u00dchendemiraadid (A\u00dcE) teatas teisip\u00e4eval, et lahkub naftakartellist OPEC. Ajaleht Financial Times hindab, et A\u00dcE otsus annab kartellile&hellip;\n","protected":false},"author":2,"featured_media":164989,"comment_status":"","ping_status":"","sticky":false,"template":"","format":"standard","meta":{"footnotes":"","_share_on_mastodon":"0"},"categories":[14],"tags":[131,25382,130,37,33,35,34,36,77076,5532,1228],"class_list":["post-164988","post","type-post","status-publish","format-standard","has-post-thumbnail","category-ari","tag-ari","tag-aue","tag-business","tag-ee","tag-eesti","tag-eesti-keel","tag-estonia","tag-estonian","tag-naftakartell","tag-opec","tag-saudi-araabia"],"share_on_mastodon":{"url":"https:\/\/pubeurope.com\/@ee\/116482895090075443","error":""},"_links":{"self":[{"href":"https:\/\/www.europesays.com\/ee\/wp-json\/wp\/v2\/posts\/164988","targetHints":{"allow":["GET"]}}],"collection":[{"href":"https:\/\/www.europesays.com\/ee\/wp-json\/wp\/v2\/posts"}],"about":[{"href":"https:\/\/www.europesays.com\/ee\/wp-json\/wp\/v2\/types\/post"}],"author":[{"embeddable":true,"href":"https:\/\/www.europesays.com\/ee\/wp-json\/wp\/v2\/users\/2"}],"replies":[{"embeddable":true,"href":"https:\/\/www.europesays.com\/ee\/wp-json\/wp\/v2\/comments?post=164988"}],"version-history":[{"count":0,"href":"https:\/\/www.europesays.com\/ee\/wp-json\/wp\/v2\/posts\/164988\/revisions"}],"wp:featuredmedia":[{"embeddable":true,"href":"https:\/\/www.europesays.com\/ee\/wp-json\/wp\/v2\/media\/164989"}],"wp:attachment":[{"href":"https:\/\/www.europesays.com\/ee\/wp-json\/wp\/v2\/media?parent=164988"}],"wp:term":[{"taxonomy":"category","embeddable":true,"href":"https:\/\/www.europesays.com\/ee\/wp-json\/wp\/v2\/categories?post=164988"},{"taxonomy":"post_tag","embeddable":true,"href":"https:\/\/www.europesays.com\/ee\/wp-json\/wp\/v2\/tags?post=164988"}],"curies":[{"name":"wp","href":"https:\/\/api.w.org\/{rel}","templated":true}]}}