{"id":165007,"date":"2026-04-28T15:13:09","date_gmt":"2026-04-28T15:13:09","guid":{"rendered":"https:\/\/www.europesays.com\/ee\/165007\/"},"modified":"2026-04-28T15:13:09","modified_gmt":"2026-04-28T15:13:09","slug":"aue-otsustas-lahkuda-ulemaailmsest-naftatootjate-grupist-opec","status":"publish","type":"post","link":"https:\/\/www.europesays.com\/ee\/165007\/","title":{"rendered":"A\u00dcE otsustas lahkuda \u00fclemaailmsest naftatootjate grupist OPEC"},"content":{"rendered":"<p>A\u00dcE selgitas, et otsus peegeldab riigi pikaajalist strateegilist ja majanduslikku visiooni ning muutuvat energiapoliitikat. See \u201ekinnitab riigi p\u00fchendumust t\u00e4ita vastutustundlikku, usaldusv\u00e4\u00e4rset ja tulevikku suunatud rolli \u00fclemaailmsetel energiaturgudel,\u201c \u00fctles A\u00dcE riikliku uudisteagentuuri WAM kaudu avaldatud teates.<\/p>\n<p>A\u00dcE s\u00f5nul oli otsus ajendatud riiklikest huvidest ja riigi p\u00fchendumusest aidata aktiivselt kaasa turu kiireloomuliste vajaduste rahuldamisele, arvestades l\u00e4bitulevikus j\u00e4tkuvat geopoliitilist ebastabiilsust, mille on p\u00f5hjustanud h\u00e4ired Araabia lahe ja <a rel=\"noopener nofollow\" target=\"_blank\" href=\"https:\/\/www.delfi.ee\/teema\/96870700\/hormuzi-vain\" tag-id=\"96870700\">Hormuzi v\u00e4ina<\/a> piirkonnas.<\/p>\n<p>Kuulujutud A\u00dcE sammu kohta olid levinud juba m\u00f5nda aega, kuna A\u00dcE on \u00e4rritunud tootmispiirangute t\u00f5ttu ning tema suhted naaberriigi ja OPECi de facto juhi Saudi Araabiaga on k\u00fclmenenud. A\u00dcE kaotus v\u00f5ib n\u00f5rgestada gruppi, mis on tavap\u00e4raselt p\u00fc\u00fcdnud hoida \u00fchtset joont vaatamata sisemistele erimeelsustele mitmesugustes k\u00fcsimustes.<\/p>\n<p>Turgude rahustamiseks keset eskaleeruvat energiakriisi \u00fctles A\u00dcE, et tegutseb j\u00e4tkuvalt vastutustundlikult, lisades, et otsus suurendab riigi v\u00f5imet reageerida muutuvatele turuvajadustele.<\/p>\n<p>OPEC asutati 1960. aastal Iraani, Iraagi, Kuveidi, Saudi Araabia ja Venezuela poolt, eesm\u00e4rgiga koordineerida naftatootmist, et tagada liikmetele stabiilne tulu. A\u00dcE liitus organisatsiooniga 1967. aastal.<\/p>\n<p>Aastate jooksul on OPECisse kuuluvate riikide arv k\u00f5ikunud. Hetkel kuuluvad sinna lisaks asutajaliikmetele veel Al\u017eeeria, Ekvatoriaal-Guinea, Gabon, Liib\u00fca, Nigeeria ja Kongo Vabariik.<\/p>\n<p>Kuidas see lugu Sind end tundma pani? Saada <a href=\"https:\/\/www.delfi.ee\/artikkel\/120571842\/aue-otsustas-lahkuda-ulemaailmsest-naftatootjate-grupist-opec\/kommentaarid\" class=\"article-body-bottom__comment article-body-bottom__comment--write button button--primary button--size-auto\" rel=\"nofollow noopener\" target=\"_blank\"> Kommenteeri <\/a><a href=\"https:\/\/www.delfi.ee\/artikkel\/120571842\/aue-otsustas-lahkuda-ulemaailmsest-naftatootjate-grupist-opec\/kommentaarid\" class=\"article-body-bottom__comment article-body-bottom__comment--read button button--size-auto\" rel=\"nofollow noopener\" target=\"_blank\"> Loe kommentaare (3)<\/a><\/p>\n","protected":false},"excerpt":{"rendered":"A\u00dcE selgitas, et otsus peegeldab riigi pikaajalist strateegilist ja majanduslikku visiooni ning muutuvat energiapoliitikat. See \u201ekinnitab riigi p\u00fchendumust&hellip;\n","protected":false},"author":2,"featured_media":165008,"comment_status":"","ping_status":"","sticky":false,"template":"","format":"standard","meta":{"footnotes":"","_share_on_mastodon":"0"},"categories":[14],"tags":[13378,131,130,37,33,35,20163,34,36,46527,8461,5532],"class_list":["post-165007","post","type-post","status-publish","format-standard","has-post-thumbnail","category-ari","tag-araabia-uhendemiraadid","tag-ari","tag-business","tag-ee","tag-eesti","tag-eesti-keel","tag-energiakriis","tag-estonia","tag-estonian","tag-hormuzi-vain","tag-naftatootmine","tag-opec"],"share_on_mastodon":{"url":"https:\/\/pubeurope.com\/@ee\/116482985325818964","error":""},"_links":{"self":[{"href":"https:\/\/www.europesays.com\/ee\/wp-json\/wp\/v2\/posts\/165007","targetHints":{"allow":["GET"]}}],"collection":[{"href":"https:\/\/www.europesays.com\/ee\/wp-json\/wp\/v2\/posts"}],"about":[{"href":"https:\/\/www.europesays.com\/ee\/wp-json\/wp\/v2\/types\/post"}],"author":[{"embeddable":true,"href":"https:\/\/www.europesays.com\/ee\/wp-json\/wp\/v2\/users\/2"}],"replies":[{"embeddable":true,"href":"https:\/\/www.europesays.com\/ee\/wp-json\/wp\/v2\/comments?post=165007"}],"version-history":[{"count":0,"href":"https:\/\/www.europesays.com\/ee\/wp-json\/wp\/v2\/posts\/165007\/revisions"}],"wp:featuredmedia":[{"embeddable":true,"href":"https:\/\/www.europesays.com\/ee\/wp-json\/wp\/v2\/media\/165008"}],"wp:attachment":[{"href":"https:\/\/www.europesays.com\/ee\/wp-json\/wp\/v2\/media?parent=165007"}],"wp:term":[{"taxonomy":"category","embeddable":true,"href":"https:\/\/www.europesays.com\/ee\/wp-json\/wp\/v2\/categories?post=165007"},{"taxonomy":"post_tag","embeddable":true,"href":"https:\/\/www.europesays.com\/ee\/wp-json\/wp\/v2\/tags?post=165007"}],"curies":[{"name":"wp","href":"https:\/\/api.w.org\/{rel}","templated":true}]}}