{"id":165148,"date":"2026-04-28T18:08:09","date_gmt":"2026-04-28T18:08:09","guid":{"rendered":"https:\/\/www.europesays.com\/ee\/165148\/"},"modified":"2026-04-28T18:08:09","modified_gmt":"2026-04-28T18:08:09","slug":"jordani-rekordit-korranud-cooper-flagg-valiti-nba-aasta-uustulnukaks","status":"publish","type":"post","link":"https:\/\/www.europesays.com\/ee\/165148\/","title":{"rendered":"Jordani rekordit korranud Cooper Flagg valiti NBA aasta uustulnukaks"},"content":{"rendered":"<p>Hooaja keskel 19-aastaseks saanud Flagg on NBA-s esimene uustulnuk p\u00e4rast <a rel=\"noopener nofollow\" target=\"_blank\" href=\"https:\/\/www.delfi.ee\/teema\/24858445\/michael-jordan\" tag-id=\"24858445\">Michael Jordanit<\/a> hooajal 1984\/85, kes oli kohe deb\u00fc\u00fcthooajal oma meeskonna liider nii visatud punktide (21,0), lauapallide (6,7), resultatiivsete s\u00f6\u00f6tude (4,5) kui vaheltl\u00f5igete (1,2) arvestuses. <\/p>\n<p>Teise koha sai 206 cm pikkuse Flaggi j\u00e4rel tema \u00fclikooliaegne tiimikaaslane Kon Knueppel Charlotte Hornetsist. Kui Flagg teenis aasta uustulnuka valimisel 412 punkti (56 esikohta), siis samuti Duke\u2019is m\u00e4nginud 20-aastane Knueppel 386 silma (44 esikohta). Kolmandaks valiti Philadelphia 76ersi tagam\u00e4ngija VJ Edgecombe.<\/p>\n<p>Flagg tegi aprilli alguses ajalugu, kui viskas Orlando Magicu vastu 51 punkti ning t\u00f5usis sellega l\u00e4bi aegade esimeseks teismeliseks NBA-s, kes on \u00fcletanud 50 punkti piiri.<\/p>\n<p>Kuidas see lugu Sind end tundma pani? Saada <a href=\"https:\/\/sport.delfi.ee\/a\/120571850\/jordani-rekordit-korranud-cooper-flagg-valiti-nba-aasta-uustulnukaks\/kommentaarid\" class=\"article-body-bottom__comment article-body-bottom__comment--write button button--primary button--size-auto\" rel=\"nofollow noopener\" target=\"_blank\"> Kommenteeri <\/a><a href=\"https:\/\/sport.delfi.ee\/a\/120571850\/jordani-rekordit-korranud-cooper-flagg-valiti-nba-aasta-uustulnukaks\/kommentaarid\" class=\"article-body-bottom__comment article-body-bottom__comment--read button button--size-auto\" rel=\"nofollow noopener\" target=\"_blank\"> Loe kommentaare <\/a><\/p>\n","protected":false},"excerpt":{"rendered":"Hooaja keskel 19-aastaseks saanud Flagg on NBA-s esimene uustulnuk p\u00e4rast Michael Jordanit hooajal 1984\/85, kes oli kohe deb\u00fc\u00fcthooajal&hellip;\n","protected":false},"author":2,"featured_media":165149,"comment_status":"","ping_status":"","sticky":false,"template":"","format":"standard","meta":{"footnotes":"","_share_on_mastodon":"0"},"categories":[18],"tags":[11321,11758,37,33,35,34,36,14597,4391,159,158],"class_list":["post-165148","post","type-post","status-publish","format-standard","has-post-thumbnail","category-sport","tag-cooper-flagg","tag-dallas-mavericks","tag-ee","tag-eesti","tag-eesti-keel","tag-estonia","tag-estonian","tag-michael-jordan","tag-nba","tag-sport","tag-sports"],"share_on_mastodon":{"url":"https:\/\/pubeurope.com\/@ee\/116483673518042531","error":""},"_links":{"self":[{"href":"https:\/\/www.europesays.com\/ee\/wp-json\/wp\/v2\/posts\/165148","targetHints":{"allow":["GET"]}}],"collection":[{"href":"https:\/\/www.europesays.com\/ee\/wp-json\/wp\/v2\/posts"}],"about":[{"href":"https:\/\/www.europesays.com\/ee\/wp-json\/wp\/v2\/types\/post"}],"author":[{"embeddable":true,"href":"https:\/\/www.europesays.com\/ee\/wp-json\/wp\/v2\/users\/2"}],"replies":[{"embeddable":true,"href":"https:\/\/www.europesays.com\/ee\/wp-json\/wp\/v2\/comments?post=165148"}],"version-history":[{"count":0,"href":"https:\/\/www.europesays.com\/ee\/wp-json\/wp\/v2\/posts\/165148\/revisions"}],"wp:featuredmedia":[{"embeddable":true,"href":"https:\/\/www.europesays.com\/ee\/wp-json\/wp\/v2\/media\/165149"}],"wp:attachment":[{"href":"https:\/\/www.europesays.com\/ee\/wp-json\/wp\/v2\/media?parent=165148"}],"wp:term":[{"taxonomy":"category","embeddable":true,"href":"https:\/\/www.europesays.com\/ee\/wp-json\/wp\/v2\/categories?post=165148"},{"taxonomy":"post_tag","embeddable":true,"href":"https:\/\/www.europesays.com\/ee\/wp-json\/wp\/v2\/tags?post=165148"}],"curies":[{"name":"wp","href":"https:\/\/api.w.org\/{rel}","templated":true}]}}