{"id":165364,"date":"2026-04-29T04:46:08","date_gmt":"2026-04-29T04:46:08","guid":{"rendered":"https:\/\/www.europesays.com\/ee\/165364\/"},"modified":"2026-04-29T04:46:08","modified_gmt":"2026-04-29T04:46:08","slug":"meistrite-liiga-%e2%9f%a9-psg-ja-bayerni-poorane-duell-pustitas-mitu-rekordit","status":"publish","type":"post","link":"https:\/\/www.europesays.com\/ee\/165364\/","title":{"rendered":"MEISTRITE LIIGA \u27e9 PSG ja Bayerni p\u00f6\u00f6rane duell p\u00fcstitas mitu rekordit"},"content":{"rendered":"<p>Telekanalil TNT Sports kohtumisest r\u00e4\u00e4kides, m\u00e4rkis Amsterdami Ajaxi, Madridi Reali ja AC Milano ridades kokku neli korda Meistrite liiga v\u00f5itjaks tulnud endine Hollandi koondislane Clarence Seedorf, et niiv\u00f5rd kergemeelne kaitsem\u00e4ng tema maitsega ei \u00fchti.<\/p>\n<p>\u00abKunagi k\u00e4sitleti kaitsmist kui kunsti ja seda ei tohi jalgpallis \u00e4ra unustada. Ilma tugeva kaitseta pole v\u00f5imalik Meistrite liigat v\u00f5ita. PSG l\u00f5i maailma \u00fchele parimale meeskonnale viis v\u00e4ravat, aga v\u00f5ib finaali telekast vaadata, sest andis Bayernile kaugelt liiga palju v\u00f5imalusi skoorimiseks,\u00bb s\u00f5nas Seedorf.<\/p>\n<p>\u00abTeie jaoks on selliste m\u00e4ngude vaatamine puhas nauding, aga meilt ehk m\u00e4ngijatelt n\u00f5uab see palju j\u00f5udu. Ootan, et j\u00e4rgmise n\u00e4dala m\u00e4ng M\u00fcnchenis tuleb sarnane. Ja loodetavasti kuulub v\u00f5it meile,\u00bb s\u00f5nas PSG kasuks kaks v\u00e4ravat l\u00f6\u00f6nud Dembele.<\/p>\n<p>Juhendamiskeelu t\u00f5ttu kohtumist trib\u00fc\u00fcnilt j\u00e4lginud Bayerni peatreener Vincent Kompany: \u00ab\u00d5ige energia oli meeskonnas olemas. Vahepeal j\u00e4ime surve alla, aga samas kujutasime ka ise ohtu. \u00dcldiselt on Meistrite liigas nii, et kui lased endale viis t\u00fckki l\u00fc\u00fca, oled m\u00e4n gust v\u00e4ljas. Aga meie enda poolt tekitatud v\u00f5imaluste kvaliteet sisestas eneseusku.\u00bb<\/p>\n<p>Poolfinaalide skoorirekord<\/p>\n<p class=\"MsoNormal\">J\u00e4rgmisel kolmap\u00e4eval Allianz Arenal peetav korduskohtumine algab seega PSG \u00fchev\u00e4ravalisest eduseisust, ent nagu t\u00f5estasid avam\u00e4ngu kiired vahespurdid, ei ole p\u00f5hjust seda marginaali kuidagi otsustavaks pidada. Jalgpallipublik ootab kordusm\u00e4ngu kahtlemata huviga.<\/p>\n<p class=\"MsoNormal\">Kuna skoor 5:4 on omane pigem j\u00e4\u00e4hokile kui jalgpallile, on igati loogiline, et PSG &#8211; Bayern m\u00e4nguga p\u00fcstitati mitu rekordit:<\/p>\n","protected":false},"excerpt":{"rendered":"Telekanalil TNT Sports kohtumisest r\u00e4\u00e4kides, m\u00e4rkis Amsterdami Ajaxi, Madridi Reali ja AC Milano ridades kokku neli korda Meistrite&hellip;\n","protected":false},"author":2,"featured_media":165365,"comment_status":"","ping_status":"","sticky":false,"template":"","format":"standard","meta":{"footnotes":"","_share_on_mastodon":"0"},"categories":[18],"tags":[77167,37,33,35,34,36,77166,77165,24425,538,2529,2452,159,158],"class_list":["post-165364","post","type-post","status-publish","format-standard","has-post-thumbnail","category-sport","tag-dayot-upamecano","tag-ee","tag-eesti","tag-eesti-keel","tag-estonia","tag-estonian","tag-joao-neves","tag-khvicha-kvaratskhelia","tag-michael-olise","tag-muncheni-bayern","tag-ousmane-dembele","tag-pariisi-saint-germain","tag-sport","tag-sports"],"share_on_mastodon":{"url":"https:\/\/pubeurope.com\/@ee\/116486182344330831","error":""},"_links":{"self":[{"href":"https:\/\/www.europesays.com\/ee\/wp-json\/wp\/v2\/posts\/165364","targetHints":{"allow":["GET"]}}],"collection":[{"href":"https:\/\/www.europesays.com\/ee\/wp-json\/wp\/v2\/posts"}],"about":[{"href":"https:\/\/www.europesays.com\/ee\/wp-json\/wp\/v2\/types\/post"}],"author":[{"embeddable":true,"href":"https:\/\/www.europesays.com\/ee\/wp-json\/wp\/v2\/users\/2"}],"replies":[{"embeddable":true,"href":"https:\/\/www.europesays.com\/ee\/wp-json\/wp\/v2\/comments?post=165364"}],"version-history":[{"count":0,"href":"https:\/\/www.europesays.com\/ee\/wp-json\/wp\/v2\/posts\/165364\/revisions"}],"wp:featuredmedia":[{"embeddable":true,"href":"https:\/\/www.europesays.com\/ee\/wp-json\/wp\/v2\/media\/165365"}],"wp:attachment":[{"href":"https:\/\/www.europesays.com\/ee\/wp-json\/wp\/v2\/media?parent=165364"}],"wp:term":[{"taxonomy":"category","embeddable":true,"href":"https:\/\/www.europesays.com\/ee\/wp-json\/wp\/v2\/categories?post=165364"},{"taxonomy":"post_tag","embeddable":true,"href":"https:\/\/www.europesays.com\/ee\/wp-json\/wp\/v2\/tags?post=165364"}],"curies":[{"name":"wp","href":"https:\/\/api.w.org\/{rel}","templated":true}]}}