{"id":165620,"date":"2026-04-29T11:05:09","date_gmt":"2026-04-29T11:05:09","guid":{"rendered":"https:\/\/www.europesays.com\/ee\/165620\/"},"modified":"2026-04-29T11:05:09","modified_gmt":"2026-04-29T11:05:09","slug":"ametiuhing-soovib-korgharidusega-kultuuritootajate-palga-tosta-2304-euroni","status":"publish","type":"post","link":"https:\/\/www.europesays.com\/ee\/165620\/","title":{"rendered":"Ameti\u00fching soovib k\u00f5rgharidusega kultuurit\u00f6\u00f6tajate palga t\u00f5sta 2304 euroni"},"content":{"rendered":"<p>Talo saatis <a rel=\"noopener nofollow\" target=\"_blank\" href=\"https:\/\/www.delfi.ee\/teema\/58651980\/kultuuriministeerium\" tag-id=\"58651980\">Kultuuriministeeriumile<\/a> kirja, kus soovivad, et k\u00f5rgharidusega ja k\u00f5rgema kutsekvalifikatsiooniga v\u00f5i k\u00f5rgharidusn\u00f5udega v\u00f5rdsustatud spetsiifiliste eriteadmistega t\u00f6\u00f6tajate t\u00f6\u00f6tasu alamm\u00e4\u00e4ra t\u00f5stetaks praegu kehtivalt 1720 eurolt 2304 euroni.<\/p>\n<p>Veel veebruaris soovis ameti\u00fching, et t\u00f6\u00f6tasu alamm\u00e4\u00e4r t\u00f5useks 2021 euroni. Rosenthali s\u00f5nul tuleneb aga 2304 eurone alamm\u00e4\u00e4r soovist j\u00f5uda keskmise palgani. \u201eJaanuaris, kui me l\u00e4bir\u00e4\u00e4kimisi alustasime, saatsime keskmise palga prognoosi, mis meil tol hetkel oli v\u00f5tta ehk siis eelmise aasta oma. N\u00fc\u00fcd me leppisime ministriga kokku, et kui hakkame r\u00e4\u00e4kima j\u00e4rgmise aasta eelarvest, siis me ootame \u00e4ra kevadise majandusprognoosi ja selle pealt v\u00f5tame keskmise palga,\u201c selgitas ta.<\/p>\n<p>Oled juba tellija?Logi sisse<\/p>\n<p><a href=\"https:\/\/www.delfi.ee\/artikkel\/120572016\/ametiuhing-soovib-korgharidusega-kultuuritootajate-palga-tosta-2304-euroni\/kommentaarid\" class=\"article-body-bottom__comment article-body-bottom__comment--write button button--primary button--size-auto\" rel=\"nofollow noopener\" target=\"_blank\"> Kommenteeri <\/a><a href=\"https:\/\/www.delfi.ee\/artikkel\/120572016\/ametiuhing-soovib-korgharidusega-kultuuritootajate-palga-tosta-2304-euroni\/kommentaarid\" class=\"article-body-bottom__comment article-body-bottom__comment--read button button--size-auto\" rel=\"nofollow noopener\" target=\"_blank\"> Loe kommentaare (10)<\/a><\/p>\n","protected":false},"excerpt":{"rendered":"Talo saatis Kultuuriministeeriumile kirja, kus soovivad, et k\u00f5rgharidusega ja k\u00f5rgema kutsekvalifikatsiooniga v\u00f5i k\u00f5rgharidusn\u00f5udega v\u00f5rdsustatud spetsiifiliste eriteadmistega t\u00f6\u00f6tajate t\u00f6\u00f6tasu&hellip;\n","protected":false},"author":2,"featured_media":165621,"comment_status":"","ping_status":"","sticky":false,"template":"","format":"standard","meta":{"footnotes":"","_share_on_mastodon":"0"},"categories":[12],"tags":[5669,26,27,37,33,35,34,36,31,32,21,2545,9938,28,29,19,2415,25,52168,23,24,22,20,30],"class_list":["post-165620","post","type-post","status-publish","format-standard","has-post-thumbnail","category-eesti","tag-alampalk","tag-breaking-news","tag-breakingnews","tag-ee","tag-eesti","tag-eesti-keel","tag-estonia","tag-estonian","tag-featured-news","tag-featurednews","tag-headlines","tag-kultuuriministeerium","tag-kultuuritootajad","tag-latest-news","tag-latestnews","tag-news","tag-palgatous","tag-populaarseimad-lood","tag-talo","tag-top-stories","tag-topstories","tag-uldised-uudised","tag-uudised","tag-viimased-uudised"],"share_on_mastodon":{"url":"https:\/\/pubeurope.com\/@ee\/116487672659917265","error":""},"_links":{"self":[{"href":"https:\/\/www.europesays.com\/ee\/wp-json\/wp\/v2\/posts\/165620","targetHints":{"allow":["GET"]}}],"collection":[{"href":"https:\/\/www.europesays.com\/ee\/wp-json\/wp\/v2\/posts"}],"about":[{"href":"https:\/\/www.europesays.com\/ee\/wp-json\/wp\/v2\/types\/post"}],"author":[{"embeddable":true,"href":"https:\/\/www.europesays.com\/ee\/wp-json\/wp\/v2\/users\/2"}],"replies":[{"embeddable":true,"href":"https:\/\/www.europesays.com\/ee\/wp-json\/wp\/v2\/comments?post=165620"}],"version-history":[{"count":0,"href":"https:\/\/www.europesays.com\/ee\/wp-json\/wp\/v2\/posts\/165620\/revisions"}],"wp:featuredmedia":[{"embeddable":true,"href":"https:\/\/www.europesays.com\/ee\/wp-json\/wp\/v2\/media\/165621"}],"wp:attachment":[{"href":"https:\/\/www.europesays.com\/ee\/wp-json\/wp\/v2\/media?parent=165620"}],"wp:term":[{"taxonomy":"category","embeddable":true,"href":"https:\/\/www.europesays.com\/ee\/wp-json\/wp\/v2\/categories?post=165620"},{"taxonomy":"post_tag","embeddable":true,"href":"https:\/\/www.europesays.com\/ee\/wp-json\/wp\/v2\/tags?post=165620"}],"curies":[{"name":"wp","href":"https:\/\/api.w.org\/{rel}","templated":true}]}}