{"id":165632,"date":"2026-04-29T11:23:10","date_gmt":"2026-04-29T11:23:10","guid":{"rendered":"https:\/\/www.europesays.com\/ee\/165632\/"},"modified":"2026-04-29T11:23:10","modified_gmt":"2026-04-29T11:23:10","slug":"voimsad-summad-soprade-staarnaitlejad-teenivad-tanu-menusarjale-hiiglaslikku-palka-ka-aastaid-hiljem","status":"publish","type":"post","link":"https:\/\/www.europesays.com\/ee\/165632\/","title":{"rendered":"V\u00f5imsad summad! \u201eS\u00f5prade\u201c staarn\u00e4itlejad teenivad t\u00e4nu menusarjale hiiglaslikku palka ka aastaid hiljem"},"content":{"rendered":"<p>\u201eS\u00f5prade\u201c n\u00e4itlejatar Lisa Kudrow (62) avaldas, et menusarja osat\u00e4itjad teenivad h\u00e4sti t\u00e4nini. Nimelt saavad nad endiselt koguni 20 miljonit dollarit aastas sarja j\u00e4reltuludest, \u00fctles Kudrow The Timesile.<\/p>\n<p>Samas intervjuus m\u00f5tiskles Kudrow ka selle \u00fcle, miks sari j\u00e4tkuvalt nii tohutut j\u00e4\u00e4kkasumit genereerib. Tema arvates on aga sarja p\u00fcsiv edu enam kui \u00f5igustatud. <\/p>\n<p>\u201eP\u00e4rast Matthew\u2019 surma vaatasin sarja uuesti. Varem n\u00e4gin ainult seda, mida ma valesti tegin v\u00f5i mida oleksin saanud paremini teha, aga esimest korda hindasin ma t\u00f5eliselt seda, kui suurep\u00e4rane see oli,\u201c teatas Kudrow, viidates kaasstaari Matthew Perry traagilisele surmale. <\/p>\n<p>\u201eS\u00f5prade\u201c taas\u00fchinemine toimus aastal 2021. aastal HBO Maxi \u00fchekordse erisaate raames. Sellega teenis iga osat\u00e4itja v\u00e4idetavalt 2,5 miljonit dollarit.<\/p>\n<p>\u201eS\u00f5brad\u201c oli eetris aastatel 1994-2004. Kiiresti sai sellest \u00fcks maailma k\u00f5ige populaarsemaid sarjasid. Kudrow m\u00e4ngis \u201eS\u00f5prades\u201c Phoebe Buffay\u2019d, kel oli k\u00fcll kohati pea pilvedes, aga oma s\u00f5pradest hoolis ta v\u00e4ga. Kudrow k\u00f5rval s\u00e4rasid <a rel=\"noopener nofollow\" target=\"_blank\" href=\"https:\/\/www.delfi.ee\/teema\/202\/jennifer-aniston\" data-rel-date-range=\"[]\">Jennifer Aniston<\/a>, <a rel=\"noopener nofollow\" target=\"_blank\" href=\"https:\/\/www.delfi.ee\/teema\/56939098\/david-schwimmer\" data-rel-date-range=\"[]\">David Schwimmer<\/a>, <a rel=\"noopener nofollow\" target=\"_blank\" href=\"https:\/\/www.delfi.ee\/teema\/27107655\/courteney-cox\" data-rel-date-range=\"[]\">Courteney Cox<\/a>, <a rel=\"noopener nofollow\" target=\"_blank\" href=\"https:\/\/www.delfi.ee\/teema\/57254696\/matt-leblanc\" data-rel-date-range=\"[]\">Matt LeBlanc<\/a> ja lahkunud <a rel=\"noopener nofollow\" target=\"_blank\" href=\"https:\/\/www.delfi.ee\/teema\/57254716\/matthew-perry\" data-rel-date-range=\"[]\">Matthew Perry<\/a>.<\/p>\n<p>Perry surm<\/p>\n<p>Perry leiti 2023. aasta oktoobris oma kodust mullivannist uppununa p\u00e4rast liigset ketamiini tarvitamist. 2024. aasta augustis teatasid v\u00f5imud, et s\u00fc\u00fcdistus esitati viiele inimesele, keda peetakse n\u00e4itleja Matthew Perry surma eest vastutavaks. \u00dcks neist oli Perry assistent Kenneth Iwamasa. S\u00fc\u00fcdistatavate seas olid veel arst Salvador Plasencia, kes m\u00fc\u00fcs ja s\u00fcstis Perryle ketamiini, arst Mark Chavez, kes ostis ketamiini seaduslikelt tarnijatelt, diiler Jasveen Sangha ning Erik Fleming, kes m\u00fc\u00fcs Sangha ketamiini Perry assistendile, kirjutas Page Six toona.<\/p>\n<p>Praeguseks on teada, et k\u00f5ik s\u00fc\u00fcdistatavad on n\u00f5ustunud kohtuga kokkuleppele minema. <\/p>\n<p>Kuidas see lugu Sind end tundma pani? Saada <a href=\"https:\/\/kroonika.delfi.ee\/artikkel\/120572009\/voimsad-summad-soprade-staarnaitlejad-teenivad-tanu-menusarjale-hiiglaslikku-palka-ka-aastaid-hiljem\/kommentaarid\" class=\"article-body-bottom__comment article-body-bottom__comment--write button button--primary button--size-auto\" rel=\"nofollow noopener\" target=\"_blank\"> Kommenteeri <\/a><a href=\"https:\/\/kroonika.delfi.ee\/artikkel\/120572009\/voimsad-summad-soprade-staarnaitlejad-teenivad-tanu-menusarjale-hiiglaslikku-palka-ka-aastaid-hiljem\/kommentaarid\" class=\"article-body-bottom__comment article-body-bottom__comment--read button button--size-auto\" rel=\"nofollow noopener\" target=\"_blank\"> Loe kommentaare (3)<\/a><\/p>\n","protected":false},"excerpt":{"rendered":"\u201eS\u00f5prade\u201c n\u00e4itlejatar Lisa Kudrow (62) avaldas, et menusarja osat\u00e4itjad teenivad h\u00e4sti t\u00e4nini. Nimelt saavad nad endiselt koguni 20&hellip;\n","protected":false},"author":2,"featured_media":165633,"comment_status":"","ping_status":"","sticky":false,"template":"","format":"standard","meta":{"footnotes":"","_share_on_mastodon":"0"},"categories":[16],"tags":[37,33,35,173,34,36,140,17537],"class_list":["post-165632","post","type-post","status-publish","format-standard","has-post-thumbnail","category-meelelahutus","tag-ee","tag-eesti","tag-eesti-keel","tag-entertainment","tag-estonia","tag-estonian","tag-meelelahutus","tag-sobrad"],"share_on_mastodon":{"url":"https:\/\/pubeurope.com\/@ee\/116487743451279276","error":""},"_links":{"self":[{"href":"https:\/\/www.europesays.com\/ee\/wp-json\/wp\/v2\/posts\/165632","targetHints":{"allow":["GET"]}}],"collection":[{"href":"https:\/\/www.europesays.com\/ee\/wp-json\/wp\/v2\/posts"}],"about":[{"href":"https:\/\/www.europesays.com\/ee\/wp-json\/wp\/v2\/types\/post"}],"author":[{"embeddable":true,"href":"https:\/\/www.europesays.com\/ee\/wp-json\/wp\/v2\/users\/2"}],"replies":[{"embeddable":true,"href":"https:\/\/www.europesays.com\/ee\/wp-json\/wp\/v2\/comments?post=165632"}],"version-history":[{"count":0,"href":"https:\/\/www.europesays.com\/ee\/wp-json\/wp\/v2\/posts\/165632\/revisions"}],"wp:featuredmedia":[{"embeddable":true,"href":"https:\/\/www.europesays.com\/ee\/wp-json\/wp\/v2\/media\/165633"}],"wp:attachment":[{"href":"https:\/\/www.europesays.com\/ee\/wp-json\/wp\/v2\/media?parent=165632"}],"wp:term":[{"taxonomy":"category","embeddable":true,"href":"https:\/\/www.europesays.com\/ee\/wp-json\/wp\/v2\/categories?post=165632"},{"taxonomy":"post_tag","embeddable":true,"href":"https:\/\/www.europesays.com\/ee\/wp-json\/wp\/v2\/tags?post=165632"}],"curies":[{"name":"wp","href":"https:\/\/api.w.org\/{rel}","templated":true}]}}