{"id":165707,"date":"2026-04-29T12:43:10","date_gmt":"2026-04-29T12:43:10","guid":{"rendered":"https:\/\/www.europesays.com\/ee\/165707\/"},"modified":"2026-04-29T12:43:10","modified_gmt":"2026-04-29T12:43:10","slug":"faragei-sonul-runnati-tema-kodu-mullu-suutepommiga-valismaa","status":"publish","type":"post","link":"https:\/\/www.europesays.com\/ee\/165707\/","title":{"rendered":"Farage&#8217;i s\u00f5nul r\u00fcnnati tema kodu mullu s\u00fc\u00fctepommiga | V\u00e4lismaa"},"content":{"rendered":"<p>Suurbritannia parempopulistliku partei Reform juht Nigel Farage \u00fctles, et tema kodu r\u00fcnnati mullu s\u00fc\u00fctepommiga. Molotovi kokteil ei p\u00f5hjustanud siiski suurt kahju, kuna kustus kiiresti, kuid \u00fchtegi kahtlusalust ei ole seni kohtu ette toodud.<\/p>\n<p>&#8220;See oli otsene s\u00fc\u00fctamiskatse. Ma ei olnud sel ajal kodus, aga kui ma tagasi tulin ja ukse avasin, leidsin kahjustused. \u00d5nneks oli see \u00e4ra p\u00f5lenud. Politsei tegeles asjaga, nad andsid oma parima, kuid seni pole \u00fchtegi kahtlusalust,&#8221; \u00fctles Farage.<\/p>\n<p>Farage on Suurbritannia \u00fcks tuntumaid poliitikuid, kes on ka varem langenud mitmesuguste r\u00fcnnakute ohvriks ning vajab turvamehi. Tema juhitud Reform on Suurbritannia populaarseim partei ning v\u00f5ib v\u00f5ita j\u00e4rgmised valimised.<\/p>\n<p>&#8220;Olen teravalt teadlik minu suhtes valitsevast poolehoiust, aga ka olemasolevast antipaatiast,&#8221; \u00fctles Farage.\u00a0<\/p>\n<p>&#8220;M\u00f5nikord juhtub asju kaamerate juuresolekul, aga on palju kordi, kui asjad uudistesse ei j\u00f5ua, n\u00e4iteks \u00f5llepudelite viskamine v\u00f5i r\u00fcnnak minu kodule,&#8221; lisas Farage<\/p>\n<p>Farage \u00fctles veel ajalehele The Telegraph, et sai oma isikliku turvalisuse rahastamiseks suure annetuse kr\u00fcptomiljard\u00e4rilt Christopher Harborne&#8217;ilt<\/p>\n<p>&#8220;See raha anti mulle selleks, et saaksin kogu \u00fclej\u00e4\u00e4nud elu olla turvaliselt. Olen \u200b\u200bja j\u00e4\u00e4ngi omaette ning pean selle karmi reaalsusega silmitsi seisma,&#8221; r\u00e4\u00e4kis Farage.\u00a0<\/p>\n","protected":false},"excerpt":{"rendered":"Suurbritannia parempopulistliku partei Reform juht Nigel Farage \u00fctles, et tema kodu r\u00fcnnati mullu s\u00fc\u00fctepommiga. Molotovi kokteil ei p\u00f5hjustanud&hellip;\n","protected":false},"author":2,"featured_media":165708,"comment_status":"","ping_status":"","sticky":false,"template":"","format":"standard","meta":{"footnotes":"","_share_on_mastodon":"0"},"categories":[80],"tags":[26,27,37,33,35,34,36,31,32,21,28,29,95,19,5274,25,11583,660,77275,23,24,22,20,30,92,93,94],"class_list":["post-165707","post","type-post","status-publish","format-standard","has-post-thumbnail","category-maailm","tag-breaking-news","tag-breakingnews","tag-ee","tag-eesti","tag-eesti-keel","tag-estonia","tag-estonian","tag-featured-news","tag-featurednews","tag-headlines","tag-latest-news","tag-latestnews","tag-maailm","tag-news","tag-nigel-farage","tag-populaarseimad-lood","tag-reform","tag-suurbritannia","tag-suutepudel","tag-top-stories","tag-topstories","tag-uldised-uudised","tag-uudised","tag-viimased-uudised","tag-world","tag-world-news","tag-worldnews"],"share_on_mastodon":{"url":"https:\/\/pubeurope.com\/@ee\/116488058156426701","error":""},"_links":{"self":[{"href":"https:\/\/www.europesays.com\/ee\/wp-json\/wp\/v2\/posts\/165707","targetHints":{"allow":["GET"]}}],"collection":[{"href":"https:\/\/www.europesays.com\/ee\/wp-json\/wp\/v2\/posts"}],"about":[{"href":"https:\/\/www.europesays.com\/ee\/wp-json\/wp\/v2\/types\/post"}],"author":[{"embeddable":true,"href":"https:\/\/www.europesays.com\/ee\/wp-json\/wp\/v2\/users\/2"}],"replies":[{"embeddable":true,"href":"https:\/\/www.europesays.com\/ee\/wp-json\/wp\/v2\/comments?post=165707"}],"version-history":[{"count":0,"href":"https:\/\/www.europesays.com\/ee\/wp-json\/wp\/v2\/posts\/165707\/revisions"}],"wp:featuredmedia":[{"embeddable":true,"href":"https:\/\/www.europesays.com\/ee\/wp-json\/wp\/v2\/media\/165708"}],"wp:attachment":[{"href":"https:\/\/www.europesays.com\/ee\/wp-json\/wp\/v2\/media?parent=165707"}],"wp:term":[{"taxonomy":"category","embeddable":true,"href":"https:\/\/www.europesays.com\/ee\/wp-json\/wp\/v2\/categories?post=165707"},{"taxonomy":"post_tag","embeddable":true,"href":"https:\/\/www.europesays.com\/ee\/wp-json\/wp\/v2\/tags?post=165707"}],"curies":[{"name":"wp","href":"https:\/\/api.w.org\/{rel}","templated":true}]}}