{"id":165727,"date":"2026-04-29T13:05:08","date_gmt":"2026-04-29T13:05:08","guid":{"rendered":"https:\/\/www.europesays.com\/ee\/165727\/"},"modified":"2026-04-29T13:05:08","modified_gmt":"2026-04-29T13:05:08","slug":"londonis-pussitati-tanaval-kaht-juudi-meest","status":"publish","type":"post","link":"https:\/\/www.europesays.com\/ee\/165727\/","title":{"rendered":"Londonis pussitati t\u00e4naval kaht juudi meest"},"content":{"rendered":"<p>Juudikogukonna turvaorganisatsioon Shomrim teatas, et reageeris kohe ja pidas kahtlusaluse kinni, vahendab BBC News.<\/p>\n<p>Seej\u00e4rel saabus kohale politsei, kes kasutas kahtlusaluse vastu elektri\u0161okirelva, ja ta on n\u00fc\u00fcd vahi all.<\/p>\n<p>Ohvrid said t\u00f5siseid vigastusi.<\/p>\n<p>Londoni linnapea Sadiq Khan kinnitas sotsiaalmeedias, et Golders Greenis r\u00fcnnati kaht juudist londonlast ja politsei vahistas kahtlusaluse.<\/p>\n<p>Suurbritannia peaminister Keir Starmer \u00fctles parlamendis esinedes, et juhtum on v\u00e4ga murettekitav.<\/p>\n<p>Kuidas see lugu Sind end tundma pani? Saada <a href=\"https:\/\/www.delfi.ee\/artikkel\/120572068\/londonis-pussitati-tanaval-kaht-juudi-meest\/kommentaarid\" class=\"article-body-bottom__comment article-body-bottom__comment--write button button--primary button--size-auto\" rel=\"nofollow noopener\" target=\"_blank\"> Kommenteeri <\/a><a href=\"https:\/\/www.delfi.ee\/artikkel\/120572068\/londonis-pussitati-tanaval-kaht-juudi-meest\/kommentaarid\" class=\"article-body-bottom__comment article-body-bottom__comment--read button button--size-auto\" rel=\"nofollow noopener\" target=\"_blank\"> Loe kommentaare (8)<\/a><\/p>\n","protected":false},"excerpt":{"rendered":"Juudikogukonna turvaorganisatsioon Shomrim teatas, et reageeris kohe ja pidas kahtlusaluse kinni, vahendab BBC News. Seej\u00e4rel saabus kohale politsei,&hellip;\n","protected":false},"author":2,"featured_media":165728,"comment_status":"","ping_status":"","sticky":false,"template":"","format":"standard","meta":{"footnotes":"","_share_on_mastodon":"0"},"categories":[80],"tags":[26,27,37,33,35,34,36,31,32,21,8119,28,29,4320,95,19,25,660,23,24,22,20,30,92,93,94],"class_list":["post-165727","post","type-post","status-publish","format-standard","has-post-thumbnail","category-maailm","tag-breaking-news","tag-breakingnews","tag-ee","tag-eesti","tag-eesti-keel","tag-estonia","tag-estonian","tag-featured-news","tag-featurednews","tag-headlines","tag-juudid","tag-latest-news","tag-latestnews","tag-london","tag-maailm","tag-news","tag-populaarseimad-lood","tag-suurbritannia","tag-top-stories","tag-topstories","tag-uldised-uudised","tag-uudised","tag-viimased-uudised","tag-world","tag-world-news","tag-worldnews"],"share_on_mastodon":{"url":"https:\/\/pubeurope.com\/@ee\/116488144483581385","error":""},"_links":{"self":[{"href":"https:\/\/www.europesays.com\/ee\/wp-json\/wp\/v2\/posts\/165727","targetHints":{"allow":["GET"]}}],"collection":[{"href":"https:\/\/www.europesays.com\/ee\/wp-json\/wp\/v2\/posts"}],"about":[{"href":"https:\/\/www.europesays.com\/ee\/wp-json\/wp\/v2\/types\/post"}],"author":[{"embeddable":true,"href":"https:\/\/www.europesays.com\/ee\/wp-json\/wp\/v2\/users\/2"}],"replies":[{"embeddable":true,"href":"https:\/\/www.europesays.com\/ee\/wp-json\/wp\/v2\/comments?post=165727"}],"version-history":[{"count":0,"href":"https:\/\/www.europesays.com\/ee\/wp-json\/wp\/v2\/posts\/165727\/revisions"}],"wp:featuredmedia":[{"embeddable":true,"href":"https:\/\/www.europesays.com\/ee\/wp-json\/wp\/v2\/media\/165728"}],"wp:attachment":[{"href":"https:\/\/www.europesays.com\/ee\/wp-json\/wp\/v2\/media?parent=165727"}],"wp:term":[{"taxonomy":"category","embeddable":true,"href":"https:\/\/www.europesays.com\/ee\/wp-json\/wp\/v2\/categories?post=165727"},{"taxonomy":"post_tag","embeddable":true,"href":"https:\/\/www.europesays.com\/ee\/wp-json\/wp\/v2\/tags?post=165727"}],"curies":[{"name":"wp","href":"https:\/\/api.w.org\/{rel}","templated":true}]}}