{"id":165802,"date":"2026-04-29T14:54:49","date_gmt":"2026-04-29T14:54:49","guid":{"rendered":"https:\/\/www.europesays.com\/ee\/165802\/"},"modified":"2026-04-29T14:54:49","modified_gmt":"2026-04-29T14:54:49","slug":"lahis-ida-kriisi-tagajarg-araabia-uhendemiraadid-lahkuvad-opec-ist-mida-see-tahendab-hindadele-2","status":"publish","type":"post","link":"https:\/\/www.europesays.com\/ee\/165802\/","title":{"rendered":"L\u00e4his-Ida kriisi tagaj\u00e4rg. Araabia \u00dchendemiraadid lahkuvad OPEC-ist. Mida see t\u00e4hendab hindadele?"},"content":{"rendered":"<p>A\u00dcE energiaministeeriumi ametlik teadaanne, mis edastati riikliku uudisteagentuuri WAM kaudu, m\u00e4rgib, et otsus j\u00f5ustub juba sel reedel, 1. mail 2026. Ministeeriumi s\u00f5nul on tegemist \u201esektori poliitika evolutsiooniga\u201c, mille eesm\u00e4rk on suurendada riigi paindlikkust d\u00fcnaamilisel turul.<\/p>\n<p>V\u00e4lisanal\u00fc\u00fctikute hinnangul on lahkumise taga aga m\u00e4rksa s\u00fcgavamad geopoliitilised ja majanduslikud pinged. Juba aastaid on A\u00dcE v\u00e4ljendanud rahulolematust OPECi de facto liidri <a rel=\"noopener nofollow\" target=\"_blank\" href=\"https:\/\/www.delfi.ee\/teema\/22870979\/saudi-araabia\" tag-id=\"22870979\">Saudi Araabia<\/a> dikteeritud tootmiskvootide \u00fcle. Samal ajal kui Saudi Araabia on soovinud hoida hindu k\u00f5rgel tootmist piirates, on A\u00dcE investeerinud miljardeid dollareid oma tootmisv\u00f5imekuse laiendamisse ning soovib n\u00fc\u00fcd seda ressurssi maksimaalselt realiseerida.<\/p>\n<p>S\u00f5da Iraaniga kui viimane piisk<\/p>\n<p>Otsus langeb aega, mil maailm maadleb viimaste aastak\u00fcmnete r\u00e4ngima energiakriisiga, mille on vallandanud USA ja Iisraeli s\u00f5jaline konflikt Iraaniga. Kuna Iraan on sulgenud strateegiliselt kriitilise Hormuzi v\u00e4ina, mille kaudu liigub viiendik maailma naftast, on Brenti toornafta hind kerkinud \u00fcle 110 dollari barreli kohta.<\/p>\n<p>\u201eEmiraadid ei soovi end enam piirata, eriti olukorras, kus turg on alavarustatud ja riik vajab vahendeid s\u00f5jast r\u00e4situd majanduse taastamiseks ning nafta-j\u00e4rgseks ajastuks valmistumiseks,\u201c selgitas Eurasia Groupi L\u00e4his-Ida direktor Firas Maksad Financial Timesile.<\/p>\n<p>A\u00dcE on ise sattunud Iraani r\u00fcnnakute m\u00e4rklauaks, olles t\u00f5rjunud tuhandeid rakette ja droone. See on tekitanud diplomaatilise l\u00f5he teiste Araabia riikidega, keda Abu Dhabi s\u00fc\u00fcdistab liiga leebes reageerimises Iraani agressioonile. Lahkumine OPEC-ist s\u00fcmboliseerib ka A\u00dcE strateegilist kaugenemist regionaalsetest liitudest ja tihedamat joondumist USA ning Iisraeliga.<\/p>\n<p>Mida see t\u00e4hendab nafta hinnale?<\/p>\n<p>Kuigi A\u00dcE on lubanud tootmist suurendada kaalutletult ja vastutustundlikult, on turud reageerinud ebakindlalt. Anal\u00fc\u00fctikud hoiatavad, et ilma A\u00dcE-ta muutub OPEC struktuurselt n\u00f5rgemaks.<\/p>\n<p>Rystad Energy geopoliitiline juht Jorge Le\u00f3n m\u00e4rkis, et kartelli v\u00f5ime turgu tasakaalustada v\u00e4heneb oluliselt, kuna Saudi Araabia j\u00e4\u00e4b ainsaks riigiks, kellel on m\u00e4rkimisv\u00e4\u00e4rne varuv\u00f5imsus.<\/p>\n<p>Mitmed allikad, sealhulgas The Guardian, viitavad, et A\u00dcE lahkumine on suur v\u00f5it USA presidendile <a rel=\"noopener nofollow\" target=\"_blank\" href=\"https:\/\/www.delfi.ee\/teema\/32758637\/donald-trump\" tag-id=\"32758637\">Donald Trumpile<\/a>, kes on j\u00e4rjepidevalt OPEC-it s\u00fc\u00fcdistanud hindade kunstlikus kergitamises ja maailma koorimises.<\/p>\n<p>Maailma jaoks t\u00e4hendab see t\u00f5en\u00e4oliselt heitlikumaid k\u00fctusehindu, kuid A\u00dcE jaoks on see samm suver\u00e4\u00e4nsuse poole, mis v\u00f5imaldab neil ise otsustada, kui palju ja mis hinnaga nad oma musta kulda m\u00fc\u00fcvad.<\/p>\n<p>Kuidas see lugu Sind end tundma pani? Saada <a href=\"https:\/\/arileht.delfi.ee\/artikkel\/120571845\/lahis-ida-kriisi-ootamatu-tagajarg-araabia-uhendemiraadid-lahkuvad-parast-60-aastat-opec-ist\/kommentaarid\" class=\"article-body-bottom__comment article-body-bottom__comment--write button button--primary button--size-auto\" rel=\"nofollow noopener\" target=\"_blank\"> Kommenteeri <\/a><a href=\"https:\/\/arileht.delfi.ee\/artikkel\/120571845\/lahis-ida-kriisi-ootamatu-tagajarg-araabia-uhendemiraadid-lahkuvad-parast-60-aastat-opec-ist\/kommentaarid\" class=\"article-body-bottom__comment article-body-bottom__comment--read button button--size-auto\" rel=\"nofollow noopener\" target=\"_blank\"> Loe kommentaare (28)<\/a><\/p>\n","protected":false},"excerpt":{"rendered":"A\u00dcE energiaministeeriumi ametlik teadaanne, mis edastati riikliku uudisteagentuuri WAM kaudu, m\u00e4rgib, et otsus j\u00f5ustub juba sel reedel, 1.&hellip;\n","protected":false},"author":2,"featured_media":165398,"comment_status":"","ping_status":"","sticky":false,"template":"","format":"standard","meta":{"footnotes":"","_share_on_mastodon":"0"},"categories":[14],"tags":[13378,131,130,324,37,33,35,34,36,5532,1228],"class_list":["post-165802","post","type-post","status-publish","format-standard","has-post-thumbnail","category-ari","tag-araabia-uhendemiraadid","tag-ari","tag-business","tag-donald-trump","tag-ee","tag-eesti","tag-eesti-keel","tag-estonia","tag-estonian","tag-opec","tag-saudi-araabia"],"share_on_mastodon":{"url":"https:\/\/pubeurope.com\/@ee\/116488577040967915","error":""},"_links":{"self":[{"href":"https:\/\/www.europesays.com\/ee\/wp-json\/wp\/v2\/posts\/165802","targetHints":{"allow":["GET"]}}],"collection":[{"href":"https:\/\/www.europesays.com\/ee\/wp-json\/wp\/v2\/posts"}],"about":[{"href":"https:\/\/www.europesays.com\/ee\/wp-json\/wp\/v2\/types\/post"}],"author":[{"embeddable":true,"href":"https:\/\/www.europesays.com\/ee\/wp-json\/wp\/v2\/users\/2"}],"replies":[{"embeddable":true,"href":"https:\/\/www.europesays.com\/ee\/wp-json\/wp\/v2\/comments?post=165802"}],"version-history":[{"count":0,"href":"https:\/\/www.europesays.com\/ee\/wp-json\/wp\/v2\/posts\/165802\/revisions"}],"wp:featuredmedia":[{"embeddable":true,"href":"https:\/\/www.europesays.com\/ee\/wp-json\/wp\/v2\/media\/165398"}],"wp:attachment":[{"href":"https:\/\/www.europesays.com\/ee\/wp-json\/wp\/v2\/media?parent=165802"}],"wp:term":[{"taxonomy":"category","embeddable":true,"href":"https:\/\/www.europesays.com\/ee\/wp-json\/wp\/v2\/categories?post=165802"},{"taxonomy":"post_tag","embeddable":true,"href":"https:\/\/www.europesays.com\/ee\/wp-json\/wp\/v2\/tags?post=165802"}],"curies":[{"name":"wp","href":"https:\/\/api.w.org\/{rel}","templated":true}]}}