{"id":16584,"date":"2025-10-10T17:46:08","date_gmt":"2025-10-10T17:46:08","guid":{"rendered":"https:\/\/www.europesays.com\/ee\/16584\/"},"modified":"2025-10-10T17:46:08","modified_gmt":"2025-10-10T17:46:08","slug":"merike-estna-isikunaitus-tabab-ohkorna-momenti-surma-ja-elu-vahel-kunst","status":"publish","type":"post","link":"https:\/\/www.europesays.com\/ee\/16584\/","title":{"rendered":"Merike Estna isikun\u00e4itus tabab \u00f5hk\u00f5rna momenti surma ja elu vahel | Kunst"},"content":{"rendered":"<p>Tartu kunstimajas avati reedel Merike Estna isikun\u00e4itus &#8220;Ookean&#8221;. N\u00e4ituse kuraator on Maria Arusoo.<\/p>\n<p>N\u00e4ituse kandvaks teemaks on emaduse kaudu avanev elu ja surma eksistentsiaalne kokkuliidetus. \u00d5nne ja armastuse k\u00f5rval on samav\u00e4\u00e4rselt kohal valu ja kaotus ehk teemad, mis s\u00fcnni ja emaduse kontekstis eriti ei r\u00e4\u00e4gita .<\/p>\n<p>Teine oluline teema n\u00e4itusel on ka Estnat juba \u00fcle k\u00fcmne aasta huvitanud k\u00fcsimused elavast maalist ehk kuidas on v\u00f5imalik maali kui pigem valmis teost ellu \u00e4ratada ja vaatajaga suhestuma panna.<\/p>\n<p>&#8220;Viimased aastad olen ma selle pigem j\u00e4lle l\u00e4bi l\u00f5uendi l\u00e4henenud, m\u00f5nes m\u00f5ttes nagu tagasi minna. Varem testisin erinevaid materjale. Mul on kinnisidee, kuidas seda l\u00f5uendiga lahendada saaks. Oluline on maal &#8220;Ookean&#8221;, mis on alles alguses ja seda maali hakkan n\u00e4itusesaalis edasi maalima kui n\u00e4itus on kinni. Maal aja jooksul muutub ja ma j\u00e4\u00e4n teda elu l\u00f5puni edasi maalima igal n\u00e4itusel, kuhu ta peaks j\u00f5udma,&#8221; selgitas Estna<\/p>\n<p>Kuraator Maria Arusoo s\u00f5nul on Estnat huvitanud emaduse teema juba viimased neli aastat. &#8220;Mil tekkis tema teostele fantoombeebi, mis oli ka enne tema lapse s\u00fcndi, kui ta isegi ei teadnud, et ta rase on.&#8221;<\/p>\n<p>&#8220;Siin n\u00e4itusel on selline eksistentsiaalne, habras, \u00f5hk\u00f5rn moment surma ja elu vahel. Raseduse ja emadusega kaasneb ka palju surmaga seotud teemasid. Surma ja elu kokkupuude ongi selle n\u00e4ituse kandvaks teemaks,&#8221; lisas Arusoo.<\/p>\n","protected":false},"excerpt":{"rendered":"Tartu kunstimajas avati reedel Merike Estna isikun\u00e4itus &#8220;Ookean&#8221;. N\u00e4ituse kuraator on Maria Arusoo. N\u00e4ituse kandvaks teemaks on emaduse&hellip;\n","protected":false},"author":2,"featured_media":16585,"comment_status":"","ping_status":"","sticky":false,"template":"","format":"standard","meta":{"footnotes":""},"categories":[5],"tags":[26,27,37,33,35,34,36,31,32,21,28,29,10334,19,25,23,24,22,20,30],"class_list":{"0":"post-16584","1":"post","2":"type-post","3":"status-publish","4":"format-standard","5":"has-post-thumbnail","7":"category-uldised-uudised","8":"tag-breaking-news","9":"tag-breakingnews","10":"tag-ee","11":"tag-eesti","12":"tag-eesti-keel","13":"tag-estonia","14":"tag-estonian","15":"tag-featured-news","16":"tag-featurednews","17":"tag-headlines","18":"tag-latest-news","19":"tag-latestnews","20":"tag-merike-estna","21":"tag-news","22":"tag-populaarseimad-lood","23":"tag-top-stories","24":"tag-topstories","25":"tag-uldised-uudised","26":"tag-uudised","27":"tag-viimased-uudised"},"share_on_mastodon":{"url":"","error":""},"_links":{"self":[{"href":"https:\/\/www.europesays.com\/ee\/wp-json\/wp\/v2\/posts\/16584","targetHints":{"allow":["GET"]}}],"collection":[{"href":"https:\/\/www.europesays.com\/ee\/wp-json\/wp\/v2\/posts"}],"about":[{"href":"https:\/\/www.europesays.com\/ee\/wp-json\/wp\/v2\/types\/post"}],"author":[{"embeddable":true,"href":"https:\/\/www.europesays.com\/ee\/wp-json\/wp\/v2\/users\/2"}],"replies":[{"embeddable":true,"href":"https:\/\/www.europesays.com\/ee\/wp-json\/wp\/v2\/comments?post=16584"}],"version-history":[{"count":0,"href":"https:\/\/www.europesays.com\/ee\/wp-json\/wp\/v2\/posts\/16584\/revisions"}],"wp:featuredmedia":[{"embeddable":true,"href":"https:\/\/www.europesays.com\/ee\/wp-json\/wp\/v2\/media\/16585"}],"wp:attachment":[{"href":"https:\/\/www.europesays.com\/ee\/wp-json\/wp\/v2\/media?parent=16584"}],"wp:term":[{"taxonomy":"category","embeddable":true,"href":"https:\/\/www.europesays.com\/ee\/wp-json\/wp\/v2\/categories?post=16584"},{"taxonomy":"post_tag","embeddable":true,"href":"https:\/\/www.europesays.com\/ee\/wp-json\/wp\/v2\/tags?post=16584"}],"curies":[{"name":"wp","href":"https:\/\/api.w.org\/{rel}","templated":true}]}}