{"id":165846,"date":"2026-04-29T15:51:12","date_gmt":"2026-04-29T15:51:12","guid":{"rendered":"https:\/\/www.europesays.com\/ee\/165846\/"},"modified":"2026-04-29T15:51:12","modified_gmt":"2026-04-29T15:51:12","slug":"iraani-majandus-laguneb-reziim-kardab-lahiajal-puhkevaid-ulatuslikke-meeleavaldusi","status":"publish","type":"post","link":"https:\/\/www.europesays.com\/ee\/165846\/","title":{"rendered":"Iraani majandus laguneb. Re\u017eiim kardab l\u00e4hiajal puhkevaid ulatuslikke meeleavaldusi"},"content":{"rendered":"<p class=\"p1\">Iraani sises\u00fcndmustega kursis olevad allikad \u00fctlesid Iran Internationalile, et kohtumine toimus p\u00e4rast siseriikliku olukorra hindamist ja luurearuandeid, mis hoiatasid rahutuste eest.<\/p>\n<p class=\"p2\">Iraani ametnike hinnangul v\u00f5ivad uute protestide vallandamise peamisteks p\u00f5hjusteks olla kasvavad majanduslikud raskused, mida p\u00f5hjustavad hinnat\u00f5usud, t\u00f6\u00f6puudus ja kahju riigi v\u00f5tmet\u00f6\u00f6stusele.<\/p>\n<p class=\"p2\">Julgeolekuagentuurid esitasid koosolekul v\u00e4idetavalt Iraani majandusest v\u00e4ga kriitilise pildi, tuues esile inimeste laialdast t\u00f6\u00f6kohtade kaotust, samuti pikaajaliste internetikatkestuste m\u00f5ju.<\/p>\n<p class=\"p2\">V\u00e4idetavalt ei pruugi Iraani majandus vastu pidada rohkem kui 6\u20138 n\u00e4dala pikkusele mereblokaadile. Blokaad algas 13. aprillil ja sellest on m\u00f6\u00f6das natuke \u00fcle kahe n\u00e4dala.<\/p>\n<p class=\"p2\">Teine suur mure olevat tootmiskeskuste peaaegu t\u00e4ielik sulgemine v\u00f5tmesektorites, sealhulgas nafta-, naftakeemia- ja teraset\u00f6\u00f6stuses. Hinnangute kohaselt v\u00f5ib nende t\u00f6\u00f6stusharude taastamine v\u00f5tta aastaid.<\/p>\n<p class=\"p2\">J\u00f5uametite esindajad m\u00e4rkisid ka, et interneti\u00fchenduse sulgemised on j\u00e4tnud umbes 20% veebi\u00fchendusest s\u00f5ltuvast t\u00f6\u00f6j\u00f5ust t\u00f6\u00f6tuks. Nad hoiatasid, et majandusprognooside kohaselt v\u00f5ib kevade l\u00f5puks erasektoris t\u00f6\u00f6 kaotada veel kaks miljonit inimest.<\/p>\n<p class=\"p2\">Finantssektoris on pankade, b\u00f6rsi, kullaturu ja valuutavahetuste sulgemine sisuliselt majandustegevuse peatanud.<\/p>\n<p class=\"p2\">Kohtumisel v\u00e4ljendasid julgeolekuametite esindajad erilist muret paguluses elava kroonprintsi <a rel=\"noopener nofollow\" target=\"_blank\" href=\"https:\/\/www.delfi.ee\/teema\/96882369\/reza-pahlavi\" tag-id=\"96882369\">Reza Pahlavi<\/a> v\u00f5imaliku protesti\u00fcleskutse p\u00e4rast, mis v\u00f5ib tuua t\u00e4navatele suuri rahvamasse. <\/p>\n<p class=\"p2\">Allikate s\u00f5nul j\u00f5udsid julgeolekuasutused j\u00e4reldusele, et avalikke proteste v\u00e4ltida ei suudeta, need olevat vaid aja k\u00fcsimus. Arvatakse, et meeleavalduse v\u00f5ivad puhkeda juba 1. mail.  <\/p>\n<p class=\"p2\">K\u00f5rgeima riikliku julgeolekun\u00f5ukogu liikmed uskuvat, et Ameerika \u00dchendriikidega k\u00e4imasolevate k\u00f5neluste ajal v\u00f5i p\u00e4rast relvarahu pikendamist toimuvad protestid v\u00f5ivad kujutada endast reaalset ohtu islamivabariigi p\u00fcsimaj\u00e4\u00e4misele.<\/p>\n<p class=\"p2\">Iraanis on viimastel aastatel olnud mitu protestide, streikide ja kodanikuallumatuse lainet. V\u00f5imud on reageerinud internetikatkestuste, sidepiirangute, julgeolekuj\u00f5udude sekkumise ja v\u00e4givallaga.<\/p>\n<p class=\"p2\">K\u00f5ige j\u00f5hkram protestide mahasurumine oli 8. ja 9. jaanuaril, kui v\u00e4hemalt 36 500 inimest tapeti p\u00e4rast seda, kui miljonid meeleavaldajad Pahlavi \u00fcleskutse j\u00e4rel \u00fcle riigi meelt avaldasid pidasid.<\/p>\n<p>Kuidas see lugu Sind end tundma pani? Saada <a href=\"https:\/\/www.delfi.ee\/artikkel\/120572099\/iraani-majandus-laguneb-reziim-kardab-lahiajal-ulatuslikke-meeleavaldusi\/kommentaarid\" class=\"article-body-bottom__comment article-body-bottom__comment--write button button--primary button--size-auto\" rel=\"nofollow noopener\" target=\"_blank\"> Kommenteeri <\/a><a href=\"https:\/\/www.delfi.ee\/artikkel\/120572099\/iraani-majandus-laguneb-reziim-kardab-lahiajal-ulatuslikke-meeleavaldusi\/kommentaarid\" class=\"article-body-bottom__comment article-body-bottom__comment--read button button--size-auto\" rel=\"nofollow noopener\" target=\"_blank\"> Loe kommentaare (32)<\/a><\/p>\n","protected":false},"excerpt":{"rendered":"Iraani sises\u00fcndmustega kursis olevad allikad \u00fctlesid Iran Internationalile, et kohtumine toimus p\u00e4rast siseriikliku olukorra hindamist ja luurearuandeid, mis&hellip;\n","protected":false},"author":2,"featured_media":165847,"comment_status":"","ping_status":"","sticky":false,"template":"","format":"standard","meta":{"footnotes":"","_share_on_mastodon":"0"},"categories":[80],"tags":[26,27,37,33,35,34,36,31,32,21,1925,39444,55505,28,29,95,19,25,39923,23,24,22,325,20,30,92,93,94],"class_list":["post-165846","post","type-post","status-publish","format-standard","has-post-thumbnail","category-maailm","tag-breaking-news","tag-breakingnews","tag-ee","tag-eesti","tag-eesti-keel","tag-estonia","tag-estonian","tag-featured-news","tag-featurednews","tag-headlines","tag-iraan","tag-iraani-protestid","tag-lahis-ida-soda","tag-latest-news","tag-latestnews","tag-maailm","tag-news","tag-populaarseimad-lood","tag-reza-pahlavi","tag-top-stories","tag-topstories","tag-uldised-uudised","tag-usa","tag-uudised","tag-viimased-uudised","tag-world","tag-world-news","tag-worldnews"],"share_on_mastodon":{"url":"https:\/\/pubeurope.com\/@ee\/116488797175419558","error":""},"_links":{"self":[{"href":"https:\/\/www.europesays.com\/ee\/wp-json\/wp\/v2\/posts\/165846","targetHints":{"allow":["GET"]}}],"collection":[{"href":"https:\/\/www.europesays.com\/ee\/wp-json\/wp\/v2\/posts"}],"about":[{"href":"https:\/\/www.europesays.com\/ee\/wp-json\/wp\/v2\/types\/post"}],"author":[{"embeddable":true,"href":"https:\/\/www.europesays.com\/ee\/wp-json\/wp\/v2\/users\/2"}],"replies":[{"embeddable":true,"href":"https:\/\/www.europesays.com\/ee\/wp-json\/wp\/v2\/comments?post=165846"}],"version-history":[{"count":0,"href":"https:\/\/www.europesays.com\/ee\/wp-json\/wp\/v2\/posts\/165846\/revisions"}],"wp:featuredmedia":[{"embeddable":true,"href":"https:\/\/www.europesays.com\/ee\/wp-json\/wp\/v2\/media\/165847"}],"wp:attachment":[{"href":"https:\/\/www.europesays.com\/ee\/wp-json\/wp\/v2\/media?parent=165846"}],"wp:term":[{"taxonomy":"category","embeddable":true,"href":"https:\/\/www.europesays.com\/ee\/wp-json\/wp\/v2\/categories?post=165846"},{"taxonomy":"post_tag","embeddable":true,"href":"https:\/\/www.europesays.com\/ee\/wp-json\/wp\/v2\/tags?post=165846"}],"curies":[{"name":"wp","href":"https:\/\/api.w.org\/{rel}","templated":true}]}}