{"id":165898,"date":"2026-04-29T16:59:18","date_gmt":"2026-04-29T16:59:18","guid":{"rendered":"https:\/\/www.europesays.com\/ee\/165898\/"},"modified":"2026-04-29T16:59:18","modified_gmt":"2026-04-29T16:59:18","slug":"ulevaade-%e2%9f%a9-emiraatide-lahkumine-opecist-rohutab-kasvavaid-pingeid-saudidega","status":"publish","type":"post","link":"https:\/\/www.europesays.com\/ee\/165898\/","title":{"rendered":"\u00dcLEVAADE \u27e9 Emiraatide lahkumine OPECist r\u00f5hutab kasvavaid pingeid saudidega"},"content":{"rendered":"<p>Kui A\u00dcE teatas teisip\u00e4eval, et lahkub ametlikult reedel OPECist ja selle laiemast s\u00f5sar\u00fchendusest OPEC+, nimetas riik p\u00f5hjendusena soovi keskenduda enda riiklikele huvidele.<\/p>\n<p>\u00abSee otsus peegeldab A\u00dcE pikaajalist strateegilist ja majanduslikku visiooni ning arenevat energiaprofiili,\u00bb seisab A\u00dcE avalduses. \u00abOrganisatsiooni kuulumise ajal andsime m\u00e4rkimisv\u00e4\u00e4rse panuse ja t\u00f5ime k\u00f5igi h\u00fcvanguks suuremaid ohvreid. N\u00fc\u00fcd on aga aeg k\u00e4es keskendada oma j\u00f5upingutused sellele, mida n\u00f5uavad meie riiklikud huvid.\u00bb<\/p>\n","protected":false},"excerpt":{"rendered":"Kui A\u00dcE teatas teisip\u00e4eval, et lahkub ametlikult reedel OPECist ja selle laiemast s\u00f5sar\u00fchendusest OPEC+, nimetas riik p\u00f5hjendusena soovi&hellip;\n","protected":false},"author":2,"featured_media":165899,"comment_status":"","ping_status":"","sticky":false,"template":"","format":"standard","meta":{"footnotes":"","_share_on_mastodon":"0"},"categories":[5],"tags":[13378,26,27,37,33,35,34,36,31,32,21,56098,28,29,19,5532,25,1228,23,24,22,20,30],"class_list":["post-165898","post","type-post","status-publish","format-standard","has-post-thumbnail","category-uldised-uudised","tag-araabia-uhendemiraadid","tag-breaking-news","tag-breakingnews","tag-ee","tag-eesti","tag-eesti-keel","tag-estonia","tag-estonian","tag-featured-news","tag-featurednews","tag-headlines","tag-iraani-soda","tag-latest-news","tag-latestnews","tag-news","tag-opec","tag-populaarseimad-lood","tag-saudi-araabia","tag-top-stories","tag-topstories","tag-uldised-uudised","tag-uudised","tag-viimased-uudised"],"share_on_mastodon":{"url":"https:\/\/pubeurope.com\/@ee\/116489064437607333","error":""},"_links":{"self":[{"href":"https:\/\/www.europesays.com\/ee\/wp-json\/wp\/v2\/posts\/165898","targetHints":{"allow":["GET"]}}],"collection":[{"href":"https:\/\/www.europesays.com\/ee\/wp-json\/wp\/v2\/posts"}],"about":[{"href":"https:\/\/www.europesays.com\/ee\/wp-json\/wp\/v2\/types\/post"}],"author":[{"embeddable":true,"href":"https:\/\/www.europesays.com\/ee\/wp-json\/wp\/v2\/users\/2"}],"replies":[{"embeddable":true,"href":"https:\/\/www.europesays.com\/ee\/wp-json\/wp\/v2\/comments?post=165898"}],"version-history":[{"count":0,"href":"https:\/\/www.europesays.com\/ee\/wp-json\/wp\/v2\/posts\/165898\/revisions"}],"wp:featuredmedia":[{"embeddable":true,"href":"https:\/\/www.europesays.com\/ee\/wp-json\/wp\/v2\/media\/165899"}],"wp:attachment":[{"href":"https:\/\/www.europesays.com\/ee\/wp-json\/wp\/v2\/media?parent=165898"}],"wp:term":[{"taxonomy":"category","embeddable":true,"href":"https:\/\/www.europesays.com\/ee\/wp-json\/wp\/v2\/categories?post=165898"},{"taxonomy":"post_tag","embeddable":true,"href":"https:\/\/www.europesays.com\/ee\/wp-json\/wp\/v2\/tags?post=165898"}],"curies":[{"name":"wp","href":"https:\/\/api.w.org\/{rel}","templated":true}]}}