{"id":166052,"date":"2026-04-29T20:46:27","date_gmt":"2026-04-29T20:46:27","guid":{"rendered":"https:\/\/www.europesays.com\/ee\/166052\/"},"modified":"2026-04-29T20:46:27","modified_gmt":"2026-04-29T20:46:27","slug":"jalgpalli-mmil-hakkab-kehtima-uus-reegel-raakimise-ajal-suu-katmine-toob-mangijale-punase-kaardi","status":"publish","type":"post","link":"https:\/\/www.europesays.com\/ee\/166052\/","title":{"rendered":"Jalgpalli MMil hakkab kehtima uus reegel: r\u00e4\u00e4kimise ajal suu katmine toob m\u00e4ngijale punase kaardi"},"content":{"rendered":"<p>Sellise otsuse tegi teisip\u00e4eval rahvusvahelise jalgpalliliidu (<a rel=\"noopener nofollow\" target=\"_blank\" href=\"https:\/\/www.delfi.ee\/teema\/27424517\/fifa\" tag-id=\"27424517\">FIFA<\/a>) n\u00f5ukogu oma erakorralisel koosolekul Vancouveris. <\/p>\n<p>Nimetatud otsus on tingitud otseselt veebruaris Meistrite Liiga m\u00e4ngu ajal juhtunust, kui Benfica pallur Gianluca Prestianni kattis Madridi Reali staari <a rel=\"noopener nofollow\" target=\"_blank\" href=\"https:\/\/www.delfi.ee\/teema\/89098413\/vinicius-junior\" tag-id=\"89098413\">Vinicius Junioriga<\/a> r\u00e4\u00e4kides oma suu. Argentina koondislast s\u00fc\u00fcdistati seej\u00e4rel brasiillase Viniciuse rassilises solvamises, kuid hiljem m\u00f5isteti Prestianni s\u00fc\u00fcdi hoopis homofoobses solvangus ja talle m\u00e4\u00e4rati kuuem\u00e4nguline keeld.<\/p>\n<p>FIFA president <a rel=\"noopener nofollow\" target=\"_blank\" href=\"https:\/\/www.delfi.ee\/teema\/74295273\/gianni-infantino\" tag-id=\"74295273\">Gianni Infantino<\/a> usub, et sellistes olukordades on punane kaart hea lahendus.<\/p>\n<p> \u201eKui sul pole midagi varjata, siis sa ei kata oma suud kinni. Nii lihtne see ongi,\u201c selgitas Infantino. <\/p>\n<p>Samal koosolekul otsustati ka reeglimuudatus, mis v\u00f5imaldab m\u00e4ngijale anda otse punase kaardi, kui ta kohtuniku otsuse vastu protestides v\u00e4ljakult lahkub. <\/p>\n<p>M\u00f5lemat reeglit rakendatakse esmakordselt sel suvel toimuvatel maailmameistriv\u00f5istlustel, mis peetakse 11. juunist kuni 19. juulini USA-s, Kanadas ja Mehhikos.<\/p>\n<p>Kuidas see lugu Sind end tundma pani? Saada <a href=\"https:\/\/sport.delfi.ee\/artikkel\/120572104\/jalgpalli-mmil-hakkab-kehtima-uus-reegel-raakimise-ajal-suu-katmine-toob-mangijale-punase-kaardi\/kommentaarid\" class=\"article-body-bottom__comment article-body-bottom__comment--write button button--primary button--size-auto\" rel=\"nofollow noopener\" target=\"_blank\"> Kommenteeri <\/a><a href=\"https:\/\/sport.delfi.ee\/artikkel\/120572104\/jalgpalli-mmil-hakkab-kehtima-uus-reegel-raakimise-ajal-suu-katmine-toob-mangijale-punase-kaardi\/kommentaarid\" class=\"article-body-bottom__comment article-body-bottom__comment--read button button--size-auto\" rel=\"nofollow noopener\" target=\"_blank\"> Loe kommentaare (12)<\/a><\/p>\n","protected":false},"excerpt":{"rendered":"Sellise otsuse tegi teisip\u00e4eval rahvusvahelise jalgpalliliidu (FIFA) n\u00f5ukogu oma erakorralisel koosolekul Vancouveris. Nimetatud otsus on tingitud otseselt veebruaris&hellip;\n","protected":false},"author":2,"featured_media":166053,"comment_status":"","ping_status":"","sticky":false,"template":"","format":"standard","meta":{"footnotes":"","_share_on_mastodon":"0"},"categories":[18],"tags":[37,33,35,34,36,3223,3224,7036,4371,159,158,15154],"class_list":["post-166052","post","type-post","status-publish","format-standard","has-post-thumbnail","category-sport","tag-ee","tag-eesti","tag-eesti-keel","tag-estonia","tag-estonian","tag-fifa","tag-gianni-infantino","tag-jalgpalli-mm","tag-jalgpalli-mm-2026","tag-sport","tag-sports","tag-vinicius-junior"],"share_on_mastodon":{"url":"https:\/\/pubeurope.com\/@ee\/116489957200351124","error":""},"_links":{"self":[{"href":"https:\/\/www.europesays.com\/ee\/wp-json\/wp\/v2\/posts\/166052","targetHints":{"allow":["GET"]}}],"collection":[{"href":"https:\/\/www.europesays.com\/ee\/wp-json\/wp\/v2\/posts"}],"about":[{"href":"https:\/\/www.europesays.com\/ee\/wp-json\/wp\/v2\/types\/post"}],"author":[{"embeddable":true,"href":"https:\/\/www.europesays.com\/ee\/wp-json\/wp\/v2\/users\/2"}],"replies":[{"embeddable":true,"href":"https:\/\/www.europesays.com\/ee\/wp-json\/wp\/v2\/comments?post=166052"}],"version-history":[{"count":0,"href":"https:\/\/www.europesays.com\/ee\/wp-json\/wp\/v2\/posts\/166052\/revisions"}],"wp:featuredmedia":[{"embeddable":true,"href":"https:\/\/www.europesays.com\/ee\/wp-json\/wp\/v2\/media\/166053"}],"wp:attachment":[{"href":"https:\/\/www.europesays.com\/ee\/wp-json\/wp\/v2\/media?parent=166052"}],"wp:term":[{"taxonomy":"category","embeddable":true,"href":"https:\/\/www.europesays.com\/ee\/wp-json\/wp\/v2\/categories?post=166052"},{"taxonomy":"post_tag","embeddable":true,"href":"https:\/\/www.europesays.com\/ee\/wp-json\/wp\/v2\/tags?post=166052"}],"curies":[{"name":"wp","href":"https:\/\/api.w.org\/{rel}","templated":true}]}}