{"id":166152,"date":"2026-04-30T02:38:11","date_gmt":"2026-04-30T02:38:11","guid":{"rendered":"https:\/\/www.europesays.com\/ee\/166152\/"},"modified":"2026-04-30T02:38:11","modified_gmt":"2026-04-30T02:38:11","slug":"suureparane-finaalis-varava-loonud-kubassova-krooniti-ungari-karikavoitjaks-soccernet-ee","status":"publish","type":"post","link":"https:\/\/www.europesays.com\/ee\/166152\/","title":{"rendered":"Suurep\u00e4rane! Finaalis v\u00e4rava l\u00f6\u00f6nud Kubassova krooniti Ungari karikav\u00f5itjaks &#8211; Soccernet.ee"},"content":{"rendered":"<p><img decoding=\"async\" src=\"https:\/\/www.europesays.com\/ee\/wp-content\/uploads\/2026\/04\/1777492027.jpg\" alt=\"Vlada Kubassova on Ungari karikav\u00f5itja. Foto: FTC N\u00f6i Labdarugas \/ Facebook\"\/>&#13;\n<\/p>\n<p>Eesti naiste koondise r\u00fcndaja Vlada Kubassova l\u00f5i Ungari karikav\u00f5istluste finaalis v\u00e4rava, aidates Ferencvarose 3:0 v\u00f5iduni Honvedi \u00fcle.<\/p>\n<p>Ferencvaros asus karikafinaali 13. minutil Viktoria Nagy v\u00e4ravast juhtima ja suurendas 34. minutil Diana Csanyi tabamusest eduseisu kahev\u00e4ravaliseks. Ferencvarose algkoosseisu kuulunud ja t\u00e4ism\u00e4ngu kirja saanud Kubassova vormistas 58. minutil l\u00f5ppseisu. Tegu oli Kubassova jaoks karikahooaja esimese v\u00e4ravaga.&#13;\n<\/p>\n<p>Kubassova on Ferencvarosega kroonitud kahekordseks Ungari meistriks (2024 ja 2025) ning n\u00fc\u00fcd esmakordselt ka karikav\u00f5itjaks (2026). Ferencvaros v\u00f5itis ajavahemikus 2015-2021 Ungari karika kuus korda j\u00e4rjest (2020. aastal koroonaviiruse t\u00f5ttu karikav\u00f5itjat ei selgitatud), kuid neljal j\u00e4rgmisel aastal j\u00e4\u00e4di sellest ilma.&#13;\n<\/p>\n<p>Ferencvaros jahib ka Ungari meistritiitlit. Praegu ollakse koduliigas esikohal, edestades Puskas Akademiat kahe ja MTK naiskonda viie punktiga. Hooaja l\u00f5puni on j\u00e4\u00e4nud kolm vooru, misj\u00e4rel selgub meister kahe parema naiskonna vahelises finaalseerias. Kubassova on liigahooajal saanud kirja viis v\u00e4ravat.&#13;<\/p>\n","protected":false},"excerpt":{"rendered":"&#13; Eesti naiste koondise r\u00fcndaja Vlada Kubassova l\u00f5i Ungari karikav\u00f5istluste finaalis v\u00e4rava, aidates Ferencvarose 3:0 v\u00f5iduni Honvedi \u00fcle.&hellip;\n","protected":false},"author":2,"featured_media":166153,"comment_status":"","ping_status":"","sticky":false,"template":"","format":"standard","meta":{"footnotes":"","_share_on_mastodon":"0"},"categories":[18],"tags":[37,33,35,34,36,1031,1032,159,158,118,77420,1035],"class_list":["post-166152","post","type-post","status-publish","format-standard","has-post-thumbnail","category-sport","tag-ee","tag-eesti","tag-eesti-keel","tag-estonia","tag-estonian","tag-ferencvaros","tag-kubassova","tag-sport","tag-sports","tag-ungari","tag-ungari-karikas","tag-vlada-kubassova"],"share_on_mastodon":{"url":"https:\/\/pubeurope.com\/@ee\/116491341702229940","error":""},"_links":{"self":[{"href":"https:\/\/www.europesays.com\/ee\/wp-json\/wp\/v2\/posts\/166152","targetHints":{"allow":["GET"]}}],"collection":[{"href":"https:\/\/www.europesays.com\/ee\/wp-json\/wp\/v2\/posts"}],"about":[{"href":"https:\/\/www.europesays.com\/ee\/wp-json\/wp\/v2\/types\/post"}],"author":[{"embeddable":true,"href":"https:\/\/www.europesays.com\/ee\/wp-json\/wp\/v2\/users\/2"}],"replies":[{"embeddable":true,"href":"https:\/\/www.europesays.com\/ee\/wp-json\/wp\/v2\/comments?post=166152"}],"version-history":[{"count":0,"href":"https:\/\/www.europesays.com\/ee\/wp-json\/wp\/v2\/posts\/166152\/revisions"}],"wp:featuredmedia":[{"embeddable":true,"href":"https:\/\/www.europesays.com\/ee\/wp-json\/wp\/v2\/media\/166153"}],"wp:attachment":[{"href":"https:\/\/www.europesays.com\/ee\/wp-json\/wp\/v2\/media?parent=166152"}],"wp:term":[{"taxonomy":"category","embeddable":true,"href":"https:\/\/www.europesays.com\/ee\/wp-json\/wp\/v2\/categories?post=166152"},{"taxonomy":"post_tag","embeddable":true,"href":"https:\/\/www.europesays.com\/ee\/wp-json\/wp\/v2\/tags?post=166152"}],"curies":[{"name":"wp","href":"https:\/\/api.w.org\/{rel}","templated":true}]}}