{"id":166262,"date":"2026-04-30T06:20:08","date_gmt":"2026-04-30T06:20:08","guid":{"rendered":"https:\/\/www.europesays.com\/ee\/166262\/"},"modified":"2026-04-30T06:20:08","modified_gmt":"2026-04-30T06:20:08","slug":"putin-andis-oma-onnistuse-kadorovi-edasi-tsetseenia-etteotsa-jaamisele","status":"publish","type":"post","link":"https:\/\/www.europesays.com\/ee\/166262\/","title":{"rendered":"Putin andis oma \u00f5nnistuse Kad\u00f5rovi edasi T\u0161et\u0161eenia etteotsa j\u00e4\u00e4misele"},"content":{"rendered":"<p>Kohtumisel avaldas Putin toetust Kad\u00f5rovi uuesti samasse ametisse kandideerimisele, vahendab Meduza.<\/p>\n<p>\u201eLoodan, et vabariigi elanikud toetavad teid. Teie juhtimisel on vabariigis palju \u00e4ra tehtud, see on viimastel aastatel lihtsalt kardinaalselt muutunud,\u201c lausus Putin.<\/p>\n<p>Kad\u00f5rov \u00fctles juba veebruaris, et kandideerib, kui seda toetab Putin.<\/p>\n<p>V\u00e4ljaanne Novaja Gazeta Jevropa kirjutas m\u00e4rtsis oma allikatele viidates, et Venemaa presidendiadministratsioonis koosk\u00f5lastati Kad\u00f5rovi uus ametiaeg juba s\u00fcgisel, aga Putin ei ole veel l\u00f5plikku otsust langetanud.<\/p>\n<p>Viimastel aastatel on meedias ja sotsiaalmeedias pidevalt levinud kuuldused Kad\u00f5rovi raske haiguse kohta. Kinnitamata andmetel diagnoositi tal juba 2019. aastal k\u00f5hun\u00e4\u00e4rme k\u00e4rbumine.<\/p>\n<p>T\u0161et\u0161eenia juhi \u201evalimised\u201c toimuvad septemnbris. Kad\u00f5rov on seal valitsenud alates 2007. aastast.<\/p>\n<p>Kuidas see lugu Sind end tundma pani? Saada <a href=\"https:\/\/www.delfi.ee\/artikkel\/120572184\/putin-andis-oma-onnistuse-kadorovi-edasi-tsetseenia-etteotsa-jaamisele\/kommentaarid\" class=\"article-body-bottom__comment article-body-bottom__comment--write button button--primary button--size-auto\" rel=\"nofollow noopener\" target=\"_blank\"> Kommenteeri <\/a><a href=\"https:\/\/www.delfi.ee\/artikkel\/120572184\/putin-andis-oma-onnistuse-kadorovi-edasi-tsetseenia-etteotsa-jaamisele\/kommentaarid\" class=\"article-body-bottom__comment article-body-bottom__comment--read button button--size-auto\" rel=\"nofollow noopener\" target=\"_blank\"> Loe kommentaare (14)<\/a><\/p>\n","protected":false},"excerpt":{"rendered":"Kohtumisel avaldas Putin toetust Kad\u00f5rovi uuesti samasse ametisse kandideerimisele, vahendab Meduza. \u201eLoodan, et vabariigi elanikud toetavad teid. Teie&hellip;\n","protected":false},"author":2,"featured_media":166263,"comment_status":"","ping_status":"","sticky":false,"template":"","format":"standard","meta":{"footnotes":"","_share_on_mastodon":"0"},"categories":[80],"tags":[26,27,37,33,35,34,36,31,32,21,103,28,29,95,19,25,638,23,24,637,22,20,96,30,661,92,93,94],"class_list":["post-166262","post","type-post","status-publish","format-standard","has-post-thumbnail","category-maailm","tag-breaking-news","tag-breakingnews","tag-ee","tag-eesti","tag-eesti-keel","tag-estonia","tag-estonian","tag-featured-news","tag-featurednews","tag-headlines","tag-kreml","tag-latest-news","tag-latestnews","tag-maailm","tag-news","tag-populaarseimad-lood","tag-ramzan-kadorov","tag-top-stories","tag-topstories","tag-tsetseenia","tag-uldised-uudised","tag-uudised","tag-venemaa","tag-viimased-uudised","tag-vladimir-putin","tag-world","tag-world-news","tag-worldnews"],"share_on_mastodon":{"url":"https:\/\/pubeurope.com\/@ee\/116492214235968932","error":""},"_links":{"self":[{"href":"https:\/\/www.europesays.com\/ee\/wp-json\/wp\/v2\/posts\/166262","targetHints":{"allow":["GET"]}}],"collection":[{"href":"https:\/\/www.europesays.com\/ee\/wp-json\/wp\/v2\/posts"}],"about":[{"href":"https:\/\/www.europesays.com\/ee\/wp-json\/wp\/v2\/types\/post"}],"author":[{"embeddable":true,"href":"https:\/\/www.europesays.com\/ee\/wp-json\/wp\/v2\/users\/2"}],"replies":[{"embeddable":true,"href":"https:\/\/www.europesays.com\/ee\/wp-json\/wp\/v2\/comments?post=166262"}],"version-history":[{"count":0,"href":"https:\/\/www.europesays.com\/ee\/wp-json\/wp\/v2\/posts\/166262\/revisions"}],"wp:featuredmedia":[{"embeddable":true,"href":"https:\/\/www.europesays.com\/ee\/wp-json\/wp\/v2\/media\/166263"}],"wp:attachment":[{"href":"https:\/\/www.europesays.com\/ee\/wp-json\/wp\/v2\/media?parent=166262"}],"wp:term":[{"taxonomy":"category","embeddable":true,"href":"https:\/\/www.europesays.com\/ee\/wp-json\/wp\/v2\/categories?post=166262"},{"taxonomy":"post_tag","embeddable":true,"href":"https:\/\/www.europesays.com\/ee\/wp-json\/wp\/v2\/tags?post=166262"}],"curies":[{"name":"wp","href":"https:\/\/api.w.org\/{rel}","templated":true}]}}