{"id":166443,"date":"2026-04-30T09:50:07","date_gmt":"2026-04-30T09:50:07","guid":{"rendered":"https:\/\/www.europesays.com\/ee\/166443\/"},"modified":"2026-04-30T09:50:07","modified_gmt":"2026-04-30T09:50:07","slug":"politsei-otsib-valgas-kadunud-13-aastast-jessicat","status":"publish","type":"post","link":"https:\/\/www.europesays.com\/ee\/166443\/","title":{"rendered":"Politsei otsib Valgas kadunud 13-aastast Jessicat"},"content":{"rendered":"<p>Politsei on kontrollinud Jessica v\u00f5imalikke viibimiskohti ja suhelnud l\u00e4hedastega, kuid seni pole \u00f5nnestunud tema asukohta tuvastada. <\/p>\n<p>Jessica on 175 cm pikk, k\u00f5hna kehaehitusega ja tal on pikad heledad juuksed. Seljas on t\u00fcdrukul musta v\u00e4rvi riided ja valged tossud.<\/p>\n<p>Politsei palub k\u00f5igil, kes on Jessicat n\u00e4inud v\u00f5i teavad tema asukohta, v\u00f5tta \u00fchendust h\u00e4irekeskusega numbril 112.<\/p>\n<p><a href=\"https:\/\/www.delfi.ee\/artikkel\/120572264\/politsei-otsib-valgas-kadunud-13-aastast-jessicat\/kommentaarid\" class=\"article-body-bottom__comment article-body-bottom__comment--write button button--primary button--size-auto\" rel=\"nofollow noopener\" target=\"_blank\"> Kommenteeri <\/a><a href=\"https:\/\/www.delfi.ee\/artikkel\/120572264\/politsei-otsib-valgas-kadunud-13-aastast-jessicat\/kommentaarid\" class=\"article-body-bottom__comment article-body-bottom__comment--read button button--size-auto\" rel=\"nofollow noopener\" target=\"_blank\"> Loe kommentaare <\/a><\/p>\n","protected":false},"excerpt":{"rendered":"Politsei on kontrollinud Jessica v\u00f5imalikke viibimiskohti ja suhelnud l\u00e4hedastega, kuid seni pole \u00f5nnestunud tema asukohta tuvastada. Jessica on&hellip;\n","protected":false},"author":2,"featured_media":166444,"comment_status":"","ping_status":"","sticky":false,"template":"","format":"standard","meta":{"footnotes":"","_share_on_mastodon":"0"},"categories":[12],"tags":[26,27,37,33,35,34,36,31,32,21,1918,28,29,19,25,23,24,22,20,30],"class_list":["post-166443","post","type-post","status-publish","format-standard","has-post-thumbnail","category-eesti","tag-breaking-news","tag-breakingnews","tag-ee","tag-eesti","tag-eesti-keel","tag-estonia","tag-estonian","tag-featured-news","tag-featurednews","tag-headlines","tag-kadunud","tag-latest-news","tag-latestnews","tag-news","tag-populaarseimad-lood","tag-top-stories","tag-topstories","tag-uldised-uudised","tag-uudised","tag-viimased-uudised"],"share_on_mastodon":{"url":"https:\/\/pubeurope.com\/@ee\/116493040252010554","error":""},"_links":{"self":[{"href":"https:\/\/www.europesays.com\/ee\/wp-json\/wp\/v2\/posts\/166443","targetHints":{"allow":["GET"]}}],"collection":[{"href":"https:\/\/www.europesays.com\/ee\/wp-json\/wp\/v2\/posts"}],"about":[{"href":"https:\/\/www.europesays.com\/ee\/wp-json\/wp\/v2\/types\/post"}],"author":[{"embeddable":true,"href":"https:\/\/www.europesays.com\/ee\/wp-json\/wp\/v2\/users\/2"}],"replies":[{"embeddable":true,"href":"https:\/\/www.europesays.com\/ee\/wp-json\/wp\/v2\/comments?post=166443"}],"version-history":[{"count":0,"href":"https:\/\/www.europesays.com\/ee\/wp-json\/wp\/v2\/posts\/166443\/revisions"}],"wp:featuredmedia":[{"embeddable":true,"href":"https:\/\/www.europesays.com\/ee\/wp-json\/wp\/v2\/media\/166444"}],"wp:attachment":[{"href":"https:\/\/www.europesays.com\/ee\/wp-json\/wp\/v2\/media?parent=166443"}],"wp:term":[{"taxonomy":"category","embeddable":true,"href":"https:\/\/www.europesays.com\/ee\/wp-json\/wp\/v2\/categories?post=166443"},{"taxonomy":"post_tag","embeddable":true,"href":"https:\/\/www.europesays.com\/ee\/wp-json\/wp\/v2\/tags?post=166443"}],"curies":[{"name":"wp","href":"https:\/\/api.w.org\/{rel}","templated":true}]}}