{"id":166487,"date":"2026-04-30T10:43:08","date_gmt":"2026-04-30T10:43:08","guid":{"rendered":"https:\/\/www.europesays.com\/ee\/166487\/"},"modified":"2026-04-30T10:43:08","modified_gmt":"2026-04-30T10:43:08","slug":"brusseli-lennujaam-hoiatab-et-streikide-tottu-tuhistatakse-maikuus-suur-hulk-lende","status":"publish","type":"post","link":"https:\/\/www.europesays.com\/ee\/166487\/","title":{"rendered":"Br\u00fcsseli lennujaam hoiatab, et streikide t\u00f5ttu t\u00fchistatakse maikuus suur hulk lende"},"content":{"rendered":"<p>Br\u00fcsseli lennujaam hoiatas lennukatkestuste eest, kuna riik valmistub j\u00e4rgmisel kuul toimuvateks streikideks, vahendab Euronews. Lennujaama veebisaidil avaldatud teadaandes, milles avaldati kahetsust eelseisvate ebamugavuste p\u00e4rast, \u00f6eldi, et 12. mail toimuv \u00fcleriigiline streik v\u00e4hendab teatud teenusepakkujate t\u00f6\u00f6tajate arvu ja h\u00e4irib lennujaama t\u00f6\u00f6d. <\/p>\n<p>\u201eKahjuks tuleb suur hulk v\u00e4ljuvaid lende t\u00fchistada. See v\u00f5ib m\u00f5jutada ka teatud saabuvaid lende,\u201c seisis samuti teates. Muuhulgas mainiti, et streigist m\u00f5jutatud reisijatega v\u00f5etakse \u00fchendust ja neile pakutakse \u00e4raj\u00e4\u00e4va lennu asemele alternatiivi.<\/p>\n<p>Kolm suurt streikijat<\/p>\n<p>The Brussels Timesi andmetel t\u00fchistatakse koguni pooled 12. maiks kavandatud lendudest. \u201eKoost\u00f6\u00f6s k\u00f5igi asjaomaste partneritega t\u00f6\u00f6tab Br\u00fcsseli lennujaam selle nimel, et sel p\u00e4eval saaks v\u00e4ljuda v\u00f5imalikult palju lende,\u201c vahendas v\u00e4ljaanne. <\/p>\n<p>Samuti v\u00f5ivad esineda h\u00e4ired \u00fchistranspordis, sealhulgas SNCB pakutavas Belgia riiklikus raudtee\u00fchenduses ning De Lijni bussi- ja trammiliinil lennujaama ja tagasi. <\/p>\n<p>Ka Belgia riiklik avalik-\u00f5iguslik ringh\u00e4\u00e4ling VRT teatas, et riigi kolm suurt ameti\u00fchingut \u2013 kristlik ACV, ABVV ja ACLVB \u2013 teatasid eelseisvast streigist. Nende kaebus tuleneb Belgia seaduse \u201eeba\u00f5iglasest olukorrast\u201c, mis n\u00f5uab pilootide t\u00f6\u00f6tamist kuni 66. eluaastani. Pensioniminister Jan Jambon v\u00e4itis, \u201earvatavasti pilootide p\u00f5lguseks\u201c, et pensioniiga oleks v\u00f5imalik hoopis 67. eluaastani pikendada. <\/p>\n<p>Euroopa Liidu Lennundusohutusameti eeskirjade kohaselt saavad piloodid lennata \u00fcksi kuni 60-aastaseks saamiseni v\u00f5i j\u00e4tkata t\u00f6\u00f6tamist veel viis aastat, kui nad lendavad meeskonnaga. Jambon arvab aga, et vanusep\u00f5histe piirangute asemel tuleks piloote hinnata nende individuaalsete meditsiiniliste ja kognitiivsete v\u00f5imete p\u00f5hjal. <\/p>\n<p>V\u00f5iks tegelikult varakult pensionile j\u00e4\u00e4da<\/p>\n<p>Jambon \u00fctles ka, et pilootide jaoks on haruldane t\u00f6\u00f6tada kuni 65-aastaseks saamiseni, kusjuures enamik t\u00e4idab oma karj\u00e4\u00e4rin\u00f5uded juba 42-aastaseks saades, mis v\u00f5imaldab neil varakult pensionile j\u00e4\u00e4da. <\/p>\n<p>J\u00e4rgmisel kuul streikivad pilootide ameti\u00fchingud \u00fctlesid aga, et kuigi nad soovivad streiki v\u00e4ltida, on nad j\u00f5udnud selle teema osas \u201eeriti k\u00f5rge\u201c kaebuse punktini. <\/p>\n<p>\u201eSee kombinatsioon on lausa absurdne: piloodid on kohustatud t\u00f6\u00f6tama, aga samal ajal on nad kohustatud oma p\u00f5hitegevuse 65-aastaselt l\u00f5petama. Seadusandlus on siin selgelt vigane,\u201c teatasid ameti\u00fchingud \u00fchisavalduses. <\/p>\n<p>Kui kavandatud streik toimub, on see j\u00e4rjekordne ameti\u00fchingute streik v\u00e4hemalt kaheksast, mis on Br\u00fcsseli lennujaama m\u00f5jutanud alates 2025. aasta algusest.<\/p>\n<p>Kuidas see lugu Sind end tundma pani? Saada <a href=\"https:\/\/reisijuht.delfi.ee\/artikkel\/120572216\/brusseli-lennujaam-hoiatab-et-streikide-tottu-tuhistatakse-maikuus-suur-hulk-lende\/kommentaarid\" class=\"article-body-bottom__comment article-body-bottom__comment--write button button--primary button--size-auto\" rel=\"nofollow noopener\" target=\"_blank\"> Kommenteeri <\/a><a href=\"https:\/\/reisijuht.delfi.ee\/artikkel\/120572216\/brusseli-lennujaam-hoiatab-et-streikide-tottu-tuhistatakse-maikuus-suur-hulk-lende\/kommentaarid\" class=\"article-body-bottom__comment article-body-bottom__comment--read button button--size-auto\" rel=\"nofollow noopener\" target=\"_blank\"> Loe kommentaare <\/a><\/p>\n","protected":false},"excerpt":{"rendered":"Br\u00fcsseli lennujaam hoiatas lennukatkestuste eest, kuna riik valmistub j\u00e4rgmisel kuul toimuvateks streikideks, vahendab Euronews. Lennujaama veebisaidil avaldatud teadaandes,&hellip;\n","protected":false},"author":2,"featured_media":166488,"comment_status":"","ping_status":"","sticky":false,"template":"","format":"standard","meta":{"footnotes":"","_share_on_mastodon":"0"},"categories":[14],"tags":[131,117,1413,130,37,33,35,34,36,1262],"class_list":["post-166487","post","type-post","status-publish","format-standard","has-post-thumbnail","category-ari","tag-ari","tag-brussel","tag-brusseli-lennujaam","tag-business","tag-ee","tag-eesti","tag-eesti-keel","tag-estonia","tag-estonian","tag-streik"],"share_on_mastodon":{"url":"https:\/\/pubeurope.com\/@ee\/116493248664315630","error":""},"_links":{"self":[{"href":"https:\/\/www.europesays.com\/ee\/wp-json\/wp\/v2\/posts\/166487","targetHints":{"allow":["GET"]}}],"collection":[{"href":"https:\/\/www.europesays.com\/ee\/wp-json\/wp\/v2\/posts"}],"about":[{"href":"https:\/\/www.europesays.com\/ee\/wp-json\/wp\/v2\/types\/post"}],"author":[{"embeddable":true,"href":"https:\/\/www.europesays.com\/ee\/wp-json\/wp\/v2\/users\/2"}],"replies":[{"embeddable":true,"href":"https:\/\/www.europesays.com\/ee\/wp-json\/wp\/v2\/comments?post=166487"}],"version-history":[{"count":0,"href":"https:\/\/www.europesays.com\/ee\/wp-json\/wp\/v2\/posts\/166487\/revisions"}],"wp:featuredmedia":[{"embeddable":true,"href":"https:\/\/www.europesays.com\/ee\/wp-json\/wp\/v2\/media\/166488"}],"wp:attachment":[{"href":"https:\/\/www.europesays.com\/ee\/wp-json\/wp\/v2\/media?parent=166487"}],"wp:term":[{"taxonomy":"category","embeddable":true,"href":"https:\/\/www.europesays.com\/ee\/wp-json\/wp\/v2\/categories?post=166487"},{"taxonomy":"post_tag","embeddable":true,"href":"https:\/\/www.europesays.com\/ee\/wp-json\/wp\/v2\/tags?post=166487"}],"curies":[{"name":"wp","href":"https:\/\/api.w.org\/{rel}","templated":true}]}}