{"id":166566,"date":"2026-04-30T12:15:14","date_gmt":"2026-04-30T12:15:14","guid":{"rendered":"https:\/\/www.europesays.com\/ee\/166566\/"},"modified":"2026-04-30T12:15:14","modified_gmt":"2026-04-30T12:15:14","slug":"tarbijahinnad-kasvasid-aastaga-33-protsenti-eesti","status":"publish","type":"post","link":"https:\/\/www.europesays.com\/ee\/166566\/","title":{"rendered":"Tarbijahinnad kasvasid aastaga 3,3 protsenti | Eesti"},"content":{"rendered":"<p>Statistikaameti esialgsel hinnangul t\u00f5usis turistide kulutusi arvesse v\u00f5ttev tarbijahindade harmoneeritud indeks aprillis aasta varasemaga v\u00f5rreldes 3,3 protsenti.<\/p>\n<p>V\u00f5rreldes m\u00e4rtsiga kerkisid tarbijahinnad 0,9 protsenti. Statistikaamet m\u00e4rgib, et tegemist on kiirhinnanguga, mis aprilli hindade kohta laekuvatel andmetel t\u00e4psustub.<\/p>\n<p>&#8220;Esialgsel hinnangul on aprilli indeksi t\u00f5usu taga peamiselt diislik\u00fctuse ja bensiini k\u00f5rged hinnad, mille on p\u00f5hjustanud s\u00f5jalised konfliktid L\u00e4his-Idas,&#8221; s\u00f5nas statistikaameti tarbijahindade statistika teenusejuht\u00a0Lauri Veski.<\/p>\n<p>T\u00e4ielikud aprilli tarbijahinnaindeksi andmed avaldab statistikaamet\u00a0reedel,\u00a08. mail.<\/p>\n<p>\u00d6konomist: 0,4-protsendine hinnat\u00f5us kuuv\u00f5rdluses on k\u00f5rgem kui meile sobiv<\/p>\n<p>Luminori pea\u00f6konomist Lenno Uusk\u00fcla t\u00f5des, et v\u00f5rreldes m\u00e4rtsiga on hinnad kallimad 0,9 protsenti, kuid arvestades sesoonseid aastasiseseid k\u00f5ikumisi oli hinnat\u00f5us enam kui kaks korda v\u00e4iksem ehk 0,4 protsenti. Aastane hinnat\u00f5us langes, sest eelmisel aastal t\u00f5usid hinnad aprillis v\u00f5rreldes m\u00e4rtsiga rohkem.<br \/>\u00a0<br \/>&#8220;0,4-protsendine hinnat\u00f5us kuuv\u00f5rdluses on k\u00f5rgem kui meie jaoks sobiv, kuid j\u00e4tkab suures plaanis eelmist trendi,&#8221; \u00fctles Uusk\u00fcla. &#8220;Eelmisel aastal t\u00f5stis tarbijahinnaindeksit aprillis visiiditasu t\u00f5us viie euro juurest 20 eurole. See t\u00f5stis tervishoiuteenuste hinnaindeksit 8,9 protsendi v\u00f5rra. Hinnat\u00f5us j\u00e4tkus eelmisel aastal k\u00fctuse aktsiisi hinnat\u00f5usu t\u00f5ttu mais ning suvekuudel juba k\u00e4ibemaksu t\u00f5stmise m\u00f5jul, sel aastal on hinnat\u00f5usu tagant l\u00fckkajaks k\u00fctuse hinnad, mis on ja j\u00e4\u00e4vad m\u00f5neks ajaks k\u00f5rgemaks kui vahepealsed madalad tasemed.&#8221;<br \/>\u00a0<br \/>&#8220;Laiemat inflatsiooni k\u00fctuse hinnat\u00f5usust ei ole arvatavasti veel n\u00e4ha hinnaindeksis. Kui konflikt Iraanis j\u00e4tkub ja nafta hind j\u00e4\u00e4b k\u00f5rgemaks pikemaks ajaks, siis on see m\u00f5jutamas rahvusvahelisi kaubaveo hindu, p\u00f5llumajandust ja mitmeid teisi energia hindadest tugevalt m\u00f5jutatud valdkondi ja v\u00f5ib v\u00e4lja j\u00f5uda ka palgasurvesse. Teiste toormete puudus v\u00f5ib omakorda tekitada takistusi tooteahelate toimimises ja see omakorda viia defitsiidini ja hindade kasvule,&#8221; lisas Uusk\u00fcla.<br \/>\u00a0<br \/>Samas on Uusk\u00fcla hinnangul j\u00e4tkumas ka hinnakasvu piiravad arengud.<\/p>\n<p>&#8220;Hiina soovib j\u00e4tkuvalt eksportida suurtes kogustes oma kaupa ning nad on valmis hindu selleks alandama,&#8221; m\u00e4rkis Uusk\u00fcla. &#8220;Euroopas intressim\u00e4\u00e4ra t\u00f5us ja USA-s intressim\u00e4\u00e4ra languse edasil\u00fckkumine on v\u00e4hendamas n\u00f5udlust ning see omakorda piiramas hinnat\u00f5usuootuseid ja hinnat\u00f5usu.&#8221;<\/p>\n<p>Eestis palgat\u00f5us j\u00e4tkub ja see on samuti hinnakasvu teeninduses t\u00f5stmas, kuid palgat\u00f5usu tempo on v\u00f5rreldes varasemaga veidi alanenud, l\u00f5petas Uusk\u00fcla.<\/p>\n","protected":false},"excerpt":{"rendered":"Statistikaameti esialgsel hinnangul t\u00f5usis turistide kulutusi arvesse v\u00f5ttev tarbijahindade harmoneeritud indeks aprillis aasta varasemaga v\u00f5rreldes 3,3 protsenti. V\u00f5rreldes&hellip;\n","protected":false},"author":2,"featured_media":166567,"comment_status":"","ping_status":"","sticky":false,"template":"","format":"standard","meta":{"footnotes":"","_share_on_mastodon":"0"},"categories":[12],"tags":[26,27,37,33,35,34,36,31,32,21,28,29,19,25,2559,6694,23,24,22,20,30],"class_list":["post-166566","post","type-post","status-publish","format-standard","has-post-thumbnail","category-eesti","tag-breaking-news","tag-breakingnews","tag-ee","tag-eesti","tag-eesti-keel","tag-estonia","tag-estonian","tag-featured-news","tag-featurednews","tag-headlines","tag-latest-news","tag-latestnews","tag-news","tag-populaarseimad-lood","tag-statistikaamet","tag-tarbijahinnad","tag-top-stories","tag-topstories","tag-uldised-uudised","tag-uudised","tag-viimased-uudised"],"share_on_mastodon":{"url":"https:\/\/pubeurope.com\/@ee\/116493610086266420","error":""},"_links":{"self":[{"href":"https:\/\/www.europesays.com\/ee\/wp-json\/wp\/v2\/posts\/166566","targetHints":{"allow":["GET"]}}],"collection":[{"href":"https:\/\/www.europesays.com\/ee\/wp-json\/wp\/v2\/posts"}],"about":[{"href":"https:\/\/www.europesays.com\/ee\/wp-json\/wp\/v2\/types\/post"}],"author":[{"embeddable":true,"href":"https:\/\/www.europesays.com\/ee\/wp-json\/wp\/v2\/users\/2"}],"replies":[{"embeddable":true,"href":"https:\/\/www.europesays.com\/ee\/wp-json\/wp\/v2\/comments?post=166566"}],"version-history":[{"count":0,"href":"https:\/\/www.europesays.com\/ee\/wp-json\/wp\/v2\/posts\/166566\/revisions"}],"wp:featuredmedia":[{"embeddable":true,"href":"https:\/\/www.europesays.com\/ee\/wp-json\/wp\/v2\/media\/166567"}],"wp:attachment":[{"href":"https:\/\/www.europesays.com\/ee\/wp-json\/wp\/v2\/media?parent=166566"}],"wp:term":[{"taxonomy":"category","embeddable":true,"href":"https:\/\/www.europesays.com\/ee\/wp-json\/wp\/v2\/categories?post=166566"},{"taxonomy":"post_tag","embeddable":true,"href":"https:\/\/www.europesays.com\/ee\/wp-json\/wp\/v2\/tags?post=166566"}],"curies":[{"name":"wp","href":"https:\/\/api.w.org\/{rel}","templated":true}]}}