{"id":166830,"date":"2026-04-30T17:53:26","date_gmt":"2026-04-30T17:53:26","guid":{"rendered":"https:\/\/www.europesays.com\/ee\/166830\/"},"modified":"2026-04-30T17:53:26","modified_gmt":"2026-04-30T17:53:26","slug":"keskkonnaagentuuri-juht-superkriis-on-kohal-me-ei-saa-enam-ulbelt-teha-nagu-et-see-meid-ei-puuduta","status":"publish","type":"post","link":"https:\/\/www.europesays.com\/ee\/166830\/","title":{"rendered":"Keskkonnaagentuuri juht: superkriis on kohal. Me ei saa enam \u00fclbelt teha n\u00e4gu, et see meid ei puuduta"},"content":{"rendered":"<p class=\"MsoNormal\">Praegugi on meil \u00fcleilmselt k\u00e4imas rida kriise ja soovimatuid s\u00fcndmusi, mis moel v\u00f5i teisel, varem v\u00f5i hiljem avaldavad m\u00f5ju igas ilmanurgas ja k\u00f5ikidele rahvastele. \u00dchtegi neist ei tasu pisendada ning eitada vajadust kiirete lahenduste j\u00e4rele.<\/p>\n<p class=\"MsoNormal\">Me teame h\u00e4sti, millised kriisid neil p\u00e4evil uudisvoogu t\u00e4idavad. P\u00f5hjusega. Kuid igap\u00e4evase heitliku sebimise taustal ei tohi me unustada midagi veelgi v\u00f5imsamat \u2013 planetaarset kolmikkriisi. Ma ei ole muidugi originaalne, kui tarvitan sel puhul ka s\u00f5na \u201esuperkriis\u201c ning seda t\u00f5esti mitte vaid klikkide kogumiseks.<\/p>\n<p class=\"MsoNormal\">Super on see kriis t\u00f5esti, sest korralikule tormile sarnaselt on globaalne kolmikkriis energiat kogunud ja l\u00f6\u00f6gitugevust kasvatanud juba pikki aastaid. \u00dcha t\u00f5usvas tempos, k\u00f5ikjale m\u00f5juvalt.<\/p>\n<p>Mis kolmikkriisist jutt k\u00e4ib?<\/p>\n<p>Oled juba tellija?Logi sisse<\/p>\n<p><a href=\"https:\/\/arvamus.delfi.ee\/artikkel\/120571886\/keskkonnaagentuuri-juht-superkriis-on-kohal-me-ei-saa-enam-ulbelt-teha-nagu-et-see-meid-ei-puuduta\/kommentaarid\" class=\"article-body-bottom__comment article-body-bottom__comment--write button button--primary button--size-auto\" rel=\"nofollow noopener\" target=\"_blank\"> Kommenteeri <\/a><a href=\"https:\/\/arvamus.delfi.ee\/artikkel\/120571886\/keskkonnaagentuuri-juht-superkriis-on-kohal-me-ei-saa-enam-ulbelt-teha-nagu-et-see-meid-ei-puuduta\/kommentaarid\" class=\"article-body-bottom__comment article-body-bottom__comment--read button button--size-auto\" rel=\"nofollow noopener\" target=\"_blank\"> Loe kommentaare (223)<\/a><\/p>\n","protected":false},"excerpt":{"rendered":"Praegugi on meil \u00fcleilmselt k\u00e4imas rida kriise ja soovimatuid s\u00fcndmusi, mis moel v\u00f5i teisel, varem v\u00f5i hiljem avaldavad&hellip;\n","protected":false},"author":2,"featured_media":166831,"comment_status":"","ping_status":"","sticky":false,"template":"","format":"standard","meta":{"footnotes":"","_share_on_mastodon":"0"},"categories":[18],"tags":[37,33,35,14620,34,36,112,17245,304,6997,4326,15714,15928,18339,77696,159,158],"class_list":["post-166830","post","type-post","status-publish","format-standard","has-post-thumbnail","category-sport","tag-ee","tag-eesti","tag-eesti-keel","tag-elurikkus","tag-estonia","tag-estonian","tag-euroopa","tag-katastroof","tag-keskkond","tag-keskkonnaagentuur","tag-kliima","tag-kliimakriis","tag-kliimamuutus","tag-kliimapoliitika","tag-maailma-meteoroloogiaorganisatsioon","tag-sport","tag-sports"],"share_on_mastodon":{"url":"https:\/\/pubeurope.com\/@ee\/116494939356320033","error":""},"_links":{"self":[{"href":"https:\/\/www.europesays.com\/ee\/wp-json\/wp\/v2\/posts\/166830","targetHints":{"allow":["GET"]}}],"collection":[{"href":"https:\/\/www.europesays.com\/ee\/wp-json\/wp\/v2\/posts"}],"about":[{"href":"https:\/\/www.europesays.com\/ee\/wp-json\/wp\/v2\/types\/post"}],"author":[{"embeddable":true,"href":"https:\/\/www.europesays.com\/ee\/wp-json\/wp\/v2\/users\/2"}],"replies":[{"embeddable":true,"href":"https:\/\/www.europesays.com\/ee\/wp-json\/wp\/v2\/comments?post=166830"}],"version-history":[{"count":0,"href":"https:\/\/www.europesays.com\/ee\/wp-json\/wp\/v2\/posts\/166830\/revisions"}],"wp:featuredmedia":[{"embeddable":true,"href":"https:\/\/www.europesays.com\/ee\/wp-json\/wp\/v2\/media\/166831"}],"wp:attachment":[{"href":"https:\/\/www.europesays.com\/ee\/wp-json\/wp\/v2\/media?parent=166830"}],"wp:term":[{"taxonomy":"category","embeddable":true,"href":"https:\/\/www.europesays.com\/ee\/wp-json\/wp\/v2\/categories?post=166830"},{"taxonomy":"post_tag","embeddable":true,"href":"https:\/\/www.europesays.com\/ee\/wp-json\/wp\/v2\/tags?post=166830"}],"curies":[{"name":"wp","href":"https:\/\/api.w.org\/{rel}","templated":true}]}}