{"id":166874,"date":"2026-04-30T18:48:08","date_gmt":"2026-04-30T18:48:08","guid":{"rendered":"https:\/\/www.europesays.com\/ee\/166874\/"},"modified":"2026-04-30T18:48:08","modified_gmt":"2026-04-30T18:48:08","slug":"memo-flora-pani-harju-konkreetselt-paika-ja-taastas-suure-neliku-ulemvoimu-soccernet-ee","status":"publish","type":"post","link":"https:\/\/www.europesays.com\/ee\/166874\/","title":{"rendered":"Memo | Flora pani Harju konkreetselt paika ja taastas suure neliku \u00fclemv\u00f5imu &#8211; Soccernet.ee"},"content":{"rendered":"<p><img decoding=\"async\" src=\"https:\/\/www.europesays.com\/ee\/wp-content\/uploads\/2026\/04\/1755370592.jpg\" alt=\"Foto: Katariina Peetson \/ jalgpall.ee (arhiiv)\"\/>&#13;\n<\/p>\n<p>Kuu aega tagasi Laagri Arenal \u0161okeeriva 0:2 kaotuse saanud FC Flora v\u00f5ttis koduv\u00e4ljakul \u00fclikindla revan\u0161i, l\u00fc\u00fces Harju JK Laagri v\u00f5rku viis vastuseta palli.<\/p>\n<p>Harju alustas A. Le Coq Arenal bravuurikalt, kuid sai k\u00fclma vett krae vahele, kui Vladislav Kreida 5. minutil karistusl\u00f6\u00f6gi ristnurka keerutas &#8211; 1:0! 11. minutil j\u00f5udis Daniil Rudenko l\u00e4hedale viigistamisele, tabades pika audisisseviske j\u00e4rel 14 meetrilt posti.&#13;\n<\/p>\n<p>Mida aeg edasi, seda kindlamalt sai Flora m\u00e4nguohjad enda k\u00e4tte. 18. minutil realiseeris Rauno Sappinen 2:0 v\u00e4ravaks Nikita Kalm\u00f5kovi ja Tony Varjundi eelt\u00f6\u00f6, kolm minutit hiljem koksas Remo Valdmets v\u00e4ravasse Sander Alamaa nurgal\u00f6\u00f6gist tulnud palli &#8211; 3:0! Ka Sergei Zenjovi \u00fcleminutite tabamus s\u00fcndis nurgal\u00f6\u00f6gij\u00e4rgsest olukorrast &#8211; 4:0!&#13;\n<\/p>\n<p>Kuna m\u00e4ngu saatus oli juba otsustatud, tehti teisel poolajal ohtralt vahetusi ning pingevaba heitlus pakkus v\u00e4hem v\u00e4ravav\u00f5imalusi kui avapoolaeg. 60. minutil sekkunud Taaniel Ustal kulus vaid kaks minutit, et Alamaa eelt\u00f6\u00f6 j\u00e4rel jalg valgeks saada &#8211; 5:0! L\u00f5pu eel ei lubanud Sappinenil skoori kasvatada Usta suluseis ja v\u00e4ravalatt.&#13;\n<\/p>\n<p>T\u00fchjast kohast | Avav\u00e4rav. Flora asus 5. minutil kohtumist juhtima ilma, et pall oleks enne seda kordagi Harju karistusalasse sisenenud. Harju alustas m\u00e4ngu bravuurikalt ning isegi kui Flora palli l\u00f5puks enda kontrolli alla sai, kukutati Sander Alamaa umbes 22 meetri kaugusel v\u00e4ravast. Vladislav Kreida keerutas sealt karistusl\u00f6\u00f6gi otse ristnurka!&#13;\n<\/p>\n<p>S\u00f5iduvees | Flora. Vabastava avav\u00e4rava k\u00e4tte saanud, sujus Flora m\u00e4ng \u00fcha paremini, Harju pandi tugeva surve alla ning v\u00e4rav l\u00f6\u00f6di palle t\u00e4is. Sellist s\u00f5iduvett n\u00e4gime Flora puhul juba kolmandat m\u00e4ngu j\u00e4rjest &#8211; tuul p\u00f6\u00f6rdus p\u00e4rast h\u00e4bistavat derbikaotust, kui p\u00f5hikoosseisu l\u00fclitati Airon Kollo (18), Nikita Kalm\u00f5kov (17), Remo Valdmets (18) ja Tony Varjund (18). Noorusliku koosseisuv\u00e4rskenduse j\u00e4rel p\u00fchiti enda teelt Narva Trans (6:0), tehti kaotusseisust tuul alla Paide Linnameeskonnale (2:1) ning v\u00f5eti n\u00fc\u00fcd Harjult \u00fclikindel revan\u0161.&#13;\n<\/p>\n<p>Roheline | Muru. Esimest korda sel hooajal j\u00f5udis Premium liiga looduslikule murule. Jalgpalliliidu protokollis hinnati murukatte seisukorraks k\u00fcll k\u00f5igest rahuldav, ent visuaalselt tundus muru aastaaega arvestades igati korralik olevat. Kattevahetus avaldas m\u00e4ngule loomulikult m\u00f5ju, sest muruhooaja algus n\u00f5uab alati harjumist ja on f\u00fc\u00fcsiliselt n\u00f5udlik periood, aga Flora tuli oludega tunduvalt paremini toime, samas kui Harjul esines v\u00e4ga palju praaki.\u00a0&#13;\n<\/p>\n<p>Tagasi normaalsusse | Suur nelik. Harju m\u00e4rtsikuine v\u00f5it Flora \u00fcle ei t\u00e4histanud \u00fchekordset s\u00e4hvatust, vaid nad edestasid tiitlikaitsjat liigatabelis veel ka avaringi l\u00f5pus. Flora v\u00f5imas revan\u0161 taastas aga ootusp\u00e4rase olukorra, kus tabelit juhivad neli tavap\u00e4rast tiitlin\u00f5udlejat, l\u00fckates Harju viiendaks.&#13;\n<\/p>\n<p>Esimesest puutest\u00a0| Taaniel Usta.\u00a0Taaniel Usta sekkus Flora r\u00fcnnakul Tony Varjundi asemele, kui m\u00e4ngukellal oli 59:08. Tema esimene pallipuude s\u00fcndis 61:51 peal ning selleks puuteks oli k\u00f5ks kahelt meetrilt t\u00fchja v\u00f5rku!\u00a0&#13;\n<\/p>\n<p>M\u00e4ngu parim\u00a0| Sander Alamaa. S\u00e4ravaid kandidaate oli Flora ridades mitmeid, n\u00e4iteks keskv\u00e4ljaankur Vladislav Kreida ja paremkaitsest pidevalt r\u00fcnnakuid toetanud Nikita Kalm\u00f5kov. Alamaa arvele j\u00e4i aga l\u00f5puks sisuliselt v\u00e4ravas\u00f6\u00f6tude k\u00fcbaratrikk, sest tema teenitud karistusl\u00f6\u00f6gist s\u00fcndis 1:0, tema nurgal\u00f6\u00f6gist l\u00f6\u00f6di 3:0 ja tema pani palli kandikul ette ka 5:0 v\u00e4ravale.&#13;<\/p>\n","protected":false},"excerpt":{"rendered":"&#13; Kuu aega tagasi Laagri Arenal \u0161okeeriva 0:2 kaotuse saanud FC Flora v\u00f5ttis koduv\u00e4ljakul \u00fclikindla revan\u0161i, l\u00fc\u00fces Harju&hellip;\n","protected":false},"author":2,"featured_media":166875,"comment_status":"","ping_status":"","sticky":false,"template":"","format":"standard","meta":{"footnotes":"","_share_on_mastodon":"0"},"categories":[18],"tags":[5703,37,33,35,34,36,161,163,905,502,2640,837,699,167,42710,159,158,1465,700,698],"class_list":["post-166874","post","type-post","status-publish","format-standard","has-post-thumbnail","category-sport","tag-alamaa","tag-ee","tag-eesti","tag-eesti-keel","tag-estonia","tag-estonian","tag-fc-flora","tag-flora","tag-harju","tag-harju-jk-laagri","tag-harju-laagri","tag-meistriliiga","tag-memo","tag-premium-liiga","tag-sander-alamaa","tag-sport","tag-sports","tag-tallinna-fc-flora","tag-tallinna-flora","tag-ulevaade"],"share_on_mastodon":{"url":"https:\/\/pubeurope.com\/@ee\/116495155528776291","error":""},"_links":{"self":[{"href":"https:\/\/www.europesays.com\/ee\/wp-json\/wp\/v2\/posts\/166874","targetHints":{"allow":["GET"]}}],"collection":[{"href":"https:\/\/www.europesays.com\/ee\/wp-json\/wp\/v2\/posts"}],"about":[{"href":"https:\/\/www.europesays.com\/ee\/wp-json\/wp\/v2\/types\/post"}],"author":[{"embeddable":true,"href":"https:\/\/www.europesays.com\/ee\/wp-json\/wp\/v2\/users\/2"}],"replies":[{"embeddable":true,"href":"https:\/\/www.europesays.com\/ee\/wp-json\/wp\/v2\/comments?post=166874"}],"version-history":[{"count":0,"href":"https:\/\/www.europesays.com\/ee\/wp-json\/wp\/v2\/posts\/166874\/revisions"}],"wp:featuredmedia":[{"embeddable":true,"href":"https:\/\/www.europesays.com\/ee\/wp-json\/wp\/v2\/media\/166875"}],"wp:attachment":[{"href":"https:\/\/www.europesays.com\/ee\/wp-json\/wp\/v2\/media?parent=166874"}],"wp:term":[{"taxonomy":"category","embeddable":true,"href":"https:\/\/www.europesays.com\/ee\/wp-json\/wp\/v2\/categories?post=166874"},{"taxonomy":"post_tag","embeddable":true,"href":"https:\/\/www.europesays.com\/ee\/wp-json\/wp\/v2\/tags?post=166874"}],"curies":[{"name":"wp","href":"https:\/\/api.w.org\/{rel}","templated":true}]}}