{"id":167127,"date":"2026-05-01T06:53:08","date_gmt":"2026-05-01T06:53:08","guid":{"rendered":"https:\/\/www.europesays.com\/ee\/167127\/"},"modified":"2026-05-01T06:53:08","modified_gmt":"2026-05-01T06:53:08","slug":"arvustus-aga-popikuningas-on-ju-alasti-michael-on-pigem-kahetunnine-mainekujundusvideo-kui-film-delfi","status":"publish","type":"post","link":"https:\/\/www.europesays.com\/ee\/167127\/","title":{"rendered":"ARVUSTUS | Aga popikuningas on ju alasti! \u201eMichael\u201c on pigem kahetunnine mainekujundusvideo kui film &#8211; Delfi"},"content":{"rendered":"<ol>\n<li><a href=\"https:\/\/news.google.com\/rss\/articles\/CBMi1gFBVV95cUxPQ0FmbUxBOGxuNE9wR2pqQWpybkNUOThtTGZQQkFCZzB4NmdORlhzU0VlTFR5M09CN2hld3huUUZMSU5qQW42RERTUTVKSnh3TUdIN1Rqd0FuMS16Z2h4b3pDZEJLeHR1OWZZRmxWZF9DWVFhaXpjWXVoUGgzdzA0MWhyR2Z2RkMtNlFGTmx2cVJ6T1IzWi1tTUhXRXI0VFRoNXRqLVFMQ1dLb1BIaFhXX29rcktja2VPZUhPa29OT3UxQ3U2aGZqRVpIb2tGOHU2clgxNVF3?oc=5\" target=\"_blank\" rel=\"nofollow noopener\">ARVUSTUS | Aga popikuningas on ju alasti! \u201eMichael\u201c on pigem kahetunnine mainekujundusvideo kui film<\/a>&nbsp;&nbsp;Delfi<\/li>\n<li><a href=\"https:\/\/news.google.com\/rss\/articles\/CBMiogFBVV95cUxQU0VQVU4xWWFlbW1zOG9PUlpLM3dYN1dLd1BqQUp3OXF0LV9Ya2NJSHRMaUlSaHZXbGNybzgybFVGakhEbzREbUdhbDMyLWtzcWVubjNDa0I1VXFvMFZLYUJjaDdYRk04QlljZmhnWF9zRm1hb0xWZldFLWZvOXpINGpNbm0wYmprQ2dDdk9CV00xajlUME1ISzh0Z2RBaFBWM2c?oc=5\" target=\"_blank\" rel=\"nofollow noopener\">Arvustus. Ka &#8220;Kirgede torm&#8221; oleks Michael Jacksoni muusikaga vaadatav<\/a>&nbsp;&nbsp;ERR<\/li>\n<li><a href=\"https:\/\/news.google.com\/rss\/articles\/CBMirgFBVV95cUxNVUhDQlJONG52MVJDTllnMGhZOUx4NFI0WHdZcTROMkhSb2ExVXF5aHR4Z0pwek82WUxBLS0zV0ZiT1hmNEFfWDE1UW5OSXBuTVBETnBJelhiZVZDbEN0LUF5R0xJRWtVOHotRWhLZFZVRHNFVllqdmNsUE1HdHlzZnFpcVVMMWI2bFBnVUxZanVoQ2dFWlREZldrRzlKSm96WXRwWFlmWEFPX0twZVE?oc=5\" target=\"_blank\" rel=\"nofollow noopener\">FOTOD | Kas tunned \u00e4ra? Michael Jacksoni poeg ilmus avalikkuse ette<\/a>&nbsp;&nbsp;Kroonika<\/li>\n<li><a href=\"https:\/\/news.google.com\/rss\/articles\/CBMizAFBVV95cUxNeUxhdGpaV094TXNwUzUyVENOQk9ZS0Uya3BoZFdENFMtMHhTenU4cGs5S2RWTWxaS3JXcHcyem15YjhjSE1vZGpNektJc0tvcnBoVVJPeGJvTDV2T1dGOWFYbW1FLUJJVW9Gd1dLTXZCUlFkdVBfcE1xcnRLOUFZM3F0anEyNkY0OHRPamt3MHoxVW9rdk11QnYyQTRjNTdfZ2RZb0U2WW0wQ1pPR3hfN0I5N3dHaXYxQXlOdkduSGgtdUs5RDZSWVBTbzM?oc=5\" target=\"_blank\" rel=\"nofollow noopener\">\u00abTe rikute terve seansi \u00e4ra!\u00bb Michael Jacksoni eluloofilmi f\u00e4nnid on vallandanud kinosaalides t\u00fcli<\/a>&nbsp;&nbsp;Postimees<\/li>\n<li><a href=\"https:\/\/news.google.com\/rss\/articles\/CBMi0AFBVV95cUxNSEVHUnRyMnN1T3gzYTFuYWRTUF9WTE4yNVAxcV9mR3NCZmNnM05HX0g2ckY4UGFxNi1POG12Wk9kNFU4cG1CVEZOR2owWkxPeVA4b1prdDljbld1RzNMbW9yMVpWUzJlWFlwUnY0WXVyN0ZITThyM1hKQnFTcnotZFBWRUJEWGNsOUVVV0ZiZm1EMmhTWHBpMkxhTGc4MnptUkUtZjdwSmVvQjR5eHkxbEswRllnT1UwU1V3QVlBa2J0YTdpMUxWcDNtd0hUSU5t?oc=5\" target=\"_blank\" rel=\"nofollow noopener\">ARVUSTUS | Kas \u201eMichael\u201c on POPIKUNINGA v\u00e4\u00e4riline film? Jah. Kas see film on t\u00e4iuslik? Ei, kindlasti mitte<\/a>&nbsp;&nbsp;\u00d5htuleht<\/li>\n<\/ol>\n","protected":false},"excerpt":{"rendered":"ARVUSTUS | Aga popikuningas on ju alasti! \u201eMichael\u201c on pigem kahetunnine mainekujundusvideo kui film&nbsp;&nbsp;Delfi Arvustus. Ka &#8220;Kirgede torm&#8221;&hellip;\n","protected":false},"author":2,"featured_media":167128,"comment_status":"","ping_status":"","sticky":false,"template":"","format":"standard","meta":{"footnotes":"","_share_on_mastodon":"0"},"categories":[16],"tags":[37,33,35,173,34,36,140,18610],"class_list":["post-167127","post","type-post","status-publish","format-standard","has-post-thumbnail","category-meelelahutus","tag-ee","tag-eesti","tag-eesti-keel","tag-entertainment","tag-estonia","tag-estonian","tag-meelelahutus","tag-michael-jackson"],"share_on_mastodon":{"url":"https:\/\/pubeurope.com\/@ee\/116498006260455769","error":""},"_links":{"self":[{"href":"https:\/\/www.europesays.com\/ee\/wp-json\/wp\/v2\/posts\/167127","targetHints":{"allow":["GET"]}}],"collection":[{"href":"https:\/\/www.europesays.com\/ee\/wp-json\/wp\/v2\/posts"}],"about":[{"href":"https:\/\/www.europesays.com\/ee\/wp-json\/wp\/v2\/types\/post"}],"author":[{"embeddable":true,"href":"https:\/\/www.europesays.com\/ee\/wp-json\/wp\/v2\/users\/2"}],"replies":[{"embeddable":true,"href":"https:\/\/www.europesays.com\/ee\/wp-json\/wp\/v2\/comments?post=167127"}],"version-history":[{"count":0,"href":"https:\/\/www.europesays.com\/ee\/wp-json\/wp\/v2\/posts\/167127\/revisions"}],"wp:featuredmedia":[{"embeddable":true,"href":"https:\/\/www.europesays.com\/ee\/wp-json\/wp\/v2\/media\/167128"}],"wp:attachment":[{"href":"https:\/\/www.europesays.com\/ee\/wp-json\/wp\/v2\/media?parent=167127"}],"wp:term":[{"taxonomy":"category","embeddable":true,"href":"https:\/\/www.europesays.com\/ee\/wp-json\/wp\/v2\/categories?post=167127"},{"taxonomy":"post_tag","embeddable":true,"href":"https:\/\/www.europesays.com\/ee\/wp-json\/wp\/v2\/tags?post=167127"}],"curies":[{"name":"wp","href":"https:\/\/api.w.org\/{rel}","templated":true}]}}