{"id":167178,"date":"2026-05-01T08:22:10","date_gmt":"2026-05-01T08:22:10","guid":{"rendered":"https:\/\/www.europesays.com\/ee\/167178\/"},"modified":"2026-05-01T08:22:10","modified_gmt":"2026-05-01T08:22:10","slug":"max-verstappen-pikaaegse-voistlusinseneri-lahkumisest-minust-olnuks-rumal-tal-tee-peal-ees-seista","status":"publish","type":"post","link":"https:\/\/www.europesays.com\/ee\/167178\/","title":{"rendered":"Max Verstappen pikaaegse v\u00f5istlusinseneri lahkumisest: minust olnuks rumal tal tee peal ees seista"},"content":{"rendered":"<p>Briti ja Itaalia juurtega 45-aastane Lambiase on Verstappeniga koos t\u00f6\u00f6tanud alate 2016. aastast, mil hollandlane toonasest Toro Rosso tiimist <a rel=\"noopener nofollow\" target=\"_blank\" href=\"https:\/\/www.delfi.ee\/teema\/28611613\/red-bull\" tag-id=\"28611613\">Red Bulli<\/a> edutati. Verstappen on Lambiasega koost\u00f6\u00f6s v\u00f5itnud neli MM-tiitlit. Aprilli esimeses pooles selgus, et Lambiase lahkub 2027. aasta j\u00e4rel Red Bullist ja liitub <a rel=\"noopener nofollow\" target=\"_blank\" href=\"https:\/\/www.delfi.ee\/teema\/22741481\/mclaren\" tag-id=\"22741481\">McLareni<\/a> v\u00f5istkonnaga, kus temast saab v\u00f5istlusjuht. <\/p>\n<p>Sel n\u00e4dalavahetusel toimuva Miami vormel 1 etapi eel uuris meedia Verstappenilt, mida ta pikaaegse kolleegi lahkumisest arvab. \u201eMeil oli hea vestlus ja minust olnuks rumal tal ees seista, kui selline v\u00f5imalus avanes,\u201c vahendas F1 sarja koduleht hollandlase s\u00f5nu. <\/p>\n<p>\u201eMul on tema \u00fcle hea meel ja me t\u00f6\u00f6tame veel sel ja j\u00e4rgmisel aastal koos,\u201c j\u00e4tkas Verstappen. \u201eKarj\u00e4\u00e4ris ajad muutuvad ning see oli tema jaoks hea v\u00f5imalus. R\u00f5\u00f5mustan tema \u00fcle ja tiimina j\u00e4tkame seniks koos. Meeskonna huvides p\u00fc\u00fcame tulevikuks leida talle parima asenduse.\u201c<\/p>\n<p>Verstappen lisas, et Lambiaset on raske asendada. \u201eMe saame \u00fcksteisest aru ja keemia on v\u00e4ga hea. Ma arvan, et see on v\u00f5idus\u00f5idus haruldane. Ei n\u00e4e tihti, et s\u00f5itja ning insener nii h\u00e4sti kokku sobivad,\u201c m\u00f5tiskles neljakordne maailmameister. \u201eLoomulikult p\u00fc\u00fcame seda uuesti leida. Pole lihtne, aga vahel juhtub asju.\u201c<\/p>\n<p>T\u00e4navune hooaeg, mil vormel 1 sarjas hakkasid kehtima uued tehnilised reeglid, pole Red Bulli jaoks kergelt alanud. Verstappen on kolme etapi j\u00e4rel 12 punktiga \u00fcheksandal kohal. Red Bull on meeskondlikus arvestuses 14 punktiga seitsmes.<\/p>\n<p>Senist hooaeg on valitsenud Mercedes, v\u00f5ites kolm esimest etappi. Sarja liider on Kimi Antonelli (72 p), kes edestab \u00fcheksa punktiga George Russellit. Ferrari s\u00f5itja Charles Leclerc (49 p) on kolmas.<\/p>\n<p>Kuuajaselt pausilt naasnud F1-sarjas toimub sel n\u00e4dalavahetusel Miami GP. P\u00f5his\u00f5idu kvalifikatsioon algab laup\u00e4eva \u00f5htul kell 23, p\u00fchap\u00e4eval saab p\u00f5his\u00f5it alguse samal kellaajal.<\/p>\n<p>Kuidas see lugu Sind end tundma pani? Saada <a href=\"https:\/\/sport.delfi.ee\/artikkel\/120572456\/max-verstappen-pikaaegse-voistlusinseneri-lahkumisest-minust-olnuks-rumal-tal-tee-peal-ees-seista\/kommentaarid\" class=\"article-body-bottom__comment article-body-bottom__comment--write button button--primary button--size-auto\" rel=\"nofollow noopener\" target=\"_blank\"> Kommenteeri <\/a><a href=\"https:\/\/sport.delfi.ee\/artikkel\/120572456\/max-verstappen-pikaaegse-voistlusinseneri-lahkumisest-minust-olnuks-rumal-tal-tee-peal-ees-seista\/kommentaarid\" class=\"article-body-bottom__comment article-body-bottom__comment--read button button--size-auto\" rel=\"nofollow noopener\" target=\"_blank\"> Loe kommentaare <\/a><\/p>\n","protected":false},"excerpt":{"rendered":"Briti ja Itaalia juurtega 45-aastane Lambiase on Verstappeniga koos t\u00f6\u00f6tanud alate 2016. aastast, mil hollandlane toonasest Toro Rosso&hellip;\n","protected":false},"author":2,"featured_media":167179,"comment_status":"","ping_status":"","sticky":false,"template":"","format":"standard","meta":{"footnotes":"","_share_on_mastodon":"0"},"categories":[18],"tags":[37,33,35,34,36,586,1574,7598,159,158,4487],"class_list":["post-167178","post","type-post","status-publish","format-standard","has-post-thumbnail","category-sport","tag-ee","tag-eesti","tag-eesti-keel","tag-estonia","tag-estonian","tag-max-verstappen","tag-mclaren","tag-red-bull","tag-sport","tag-sports","tag-vormel-1"],"share_on_mastodon":{"url":"https:\/\/pubeurope.com\/@ee\/116498356204824576","error":""},"_links":{"self":[{"href":"https:\/\/www.europesays.com\/ee\/wp-json\/wp\/v2\/posts\/167178","targetHints":{"allow":["GET"]}}],"collection":[{"href":"https:\/\/www.europesays.com\/ee\/wp-json\/wp\/v2\/posts"}],"about":[{"href":"https:\/\/www.europesays.com\/ee\/wp-json\/wp\/v2\/types\/post"}],"author":[{"embeddable":true,"href":"https:\/\/www.europesays.com\/ee\/wp-json\/wp\/v2\/users\/2"}],"replies":[{"embeddable":true,"href":"https:\/\/www.europesays.com\/ee\/wp-json\/wp\/v2\/comments?post=167178"}],"version-history":[{"count":0,"href":"https:\/\/www.europesays.com\/ee\/wp-json\/wp\/v2\/posts\/167178\/revisions"}],"wp:featuredmedia":[{"embeddable":true,"href":"https:\/\/www.europesays.com\/ee\/wp-json\/wp\/v2\/media\/167179"}],"wp:attachment":[{"href":"https:\/\/www.europesays.com\/ee\/wp-json\/wp\/v2\/media?parent=167178"}],"wp:term":[{"taxonomy":"category","embeddable":true,"href":"https:\/\/www.europesays.com\/ee\/wp-json\/wp\/v2\/categories?post=167178"},{"taxonomy":"post_tag","embeddable":true,"href":"https:\/\/www.europesays.com\/ee\/wp-json\/wp\/v2\/tags?post=167178"}],"curies":[{"name":"wp","href":"https:\/\/api.w.org\/{rel}","templated":true}]}}